{"id":8311,"date":"2020-01-18T19:27:15","date_gmt":"2020-01-18T19:27:15","guid":{"rendered":"http:\/\/paroquiagloria.org\/v2\/?p=8311"},"modified":"2020-01-18T19:27:15","modified_gmt":"2020-01-18T19:27:15","slug":"ainda-que-seja-deserto","status":"publish","type":"post","link":"http:\/\/paroquiagloria.org\/v2\/?p=8311","title":{"rendered":"Ainda que seja deserto !"},"content":{"rendered":"<p>&nbsp;<\/p>\n<p><a href=\"http:\/\/paroquiagloria.org\/v2\/wp-content\/uploads\/2013\/02\/2dtc_A.jpg\"><img loading=\"lazy\" class=\"size-full wp-image-8292 aligncenter\" src=\"http:\/\/paroquiagloria.org\/v2\/wp-content\/uploads\/2013\/02\/2dtc_A.jpg\" alt=\"2dtc_A\" width=\"537\" height=\"728\" srcset=\"http:\/\/paroquiagloria.org\/v2\/wp-content\/uploads\/2013\/02\/2dtc_A.jpg 537w, http:\/\/paroquiagloria.org\/v2\/wp-content\/uploads\/2013\/02\/2dtc_A-221x300.jpg 221w\" sizes=\"(max-width: 537px) 100vw, 537px\" \/><\/a><\/p>\n<p>&nbsp;<\/p>\n<p style=\"text-align: justify;\">Com o Baptismo, Jesus inicia um per\u00edodo curto mas intenso comummente chamado vida p\u00fablica.<br \/>\nSe at\u00e9 agora era em Nazar\u00e9 e em fam\u00edlia que decorriam os seus anos, a partir do encontro, no deserto, com Jo\u00e3o Baptista, o horizonte geogr\u00e1fico alarga-se e os la\u00e7os familiares, continuando a ser importantes, deixam de ser determinantes.<br \/>\nEsperam-nos momentos de alegria e de tens\u00e3o, de encontros e desencontros, de banhos de multid\u00e3o e noites de ora\u00e7\u00e3o a s\u00f3s, dias desgastantes e momentos criativos e salutares de lazer. Tudo faz parte deste per\u00edodo muito curto, mas intensamente vivido por Jesus, que vamos revisitar, nos Domingos do Tempo Comum.<br \/>\nPreparemo-nos, porque o Mestre tem Palavras de Vida Eterna, que n\u00e3o conv\u00e9m esquecer. Talvez por isso, enquanto houver mundo, a voz de Jo\u00e3o Baptista nunca se h\u00e1-de calar, para indicar o \u00danico que vale a pena ouvir e seguir, Jesus Cristo, &#8220;o Cordeiro de Deus&#8221;.<\/p>\n<p style=\"text-align: right;\">P. Fausto<\/p>\n<p style=\"text-align: right;\"><em>in<\/em> Di\u00e1logo 1684 (II Domingo do Tempo Comum &#8211; Ano A)<\/p>\n","protected":false},"excerpt":{"rendered":"<p>&nbsp; &nbsp; Com o Baptismo, Jesus inicia um per\u00edodo curto mas intenso comummente chamado vida p\u00fablica. Se at\u00e9 agora era em Nazar\u00e9 e em fam\u00edlia que decorriam os seus anos, a partir do encontro, no deserto, com Jo\u00e3o Baptista, o horizonte geogr\u00e1fico alarga-se e os la\u00e7os familiares, continuando a ser importantes, deixam de ser determinantes. [&hellip;]<\/p>\n","protected":false},"author":1,"featured_media":8293,"comment_status":"open","ping_status":"closed","sticky":false,"template":"","format":"standard","meta":{"ngg_post_thumbnail":0},"categories":[1,4,2,6,17],"tags":[],"_links":{"self":[{"href":"http:\/\/paroquiagloria.org\/v2\/index.php?rest_route=\/wp\/v2\/posts\/8311"}],"collection":[{"href":"http:\/\/paroquiagloria.org\/v2\/index.php?rest_route=\/wp\/v2\/posts"}],"about":[{"href":"http:\/\/paroquiagloria.org\/v2\/index.php?rest_route=\/wp\/v2\/types\/post"}],"author":[{"embeddable":true,"href":"http:\/\/paroquiagloria.org\/v2\/index.php?rest_route=\/wp\/v2\/users\/1"}],"replies":[{"embeddable":true,"href":"http:\/\/paroquiagloria.org\/v2\/index.php?rest_route=%2Fwp%2Fv2%2Fcomments&post=8311"}],"version-history":[{"count":1,"href":"http:\/\/paroquiagloria.org\/v2\/index.php?rest_route=\/wp\/v2\/posts\/8311\/revisions"}],"predecessor-version":[{"id":8312,"href":"http:\/\/paroquiagloria.org\/v2\/index.php?rest_route=\/wp\/v2\/posts\/8311\/revisions\/8312"}],"wp:featuredmedia":[{"embeddable":true,"href":"http:\/\/paroquiagloria.org\/v2\/index.php?rest_route=\/wp\/v2\/media\/8293"}],"wp:attachment":[{"href":"http:\/\/paroquiagloria.org\/v2\/index.php?rest_route=%2Fwp%2Fv2%2Fmedia&parent=8311"}],"wp:term":[{"taxonomy":"category","embeddable":true,"href":"http:\/\/paroquiagloria.org\/v2\/index.php?rest_route=%2Fwp%2Fv2%2Fcategories&post=8311"},{"taxonomy":"post_tag","embeddable":true,"href":"http:\/\/paroquiagloria.org\/v2\/index.php?rest_route=%2Fwp%2Fv2%2Ftags&post=8311"}],"curies":[{"name":"wp","href":"https:\/\/api.w.org\/{rel}","templated":true}]}}