{"id":8309,"date":"2020-01-18T19:25:54","date_gmt":"2020-01-18T19:25:54","guid":{"rendered":"http:\/\/paroquiagloria.org\/v2\/?p=8309"},"modified":"2020-01-18T19:25:54","modified_gmt":"2020-01-18T19:25:54","slug":"cantinho-da-familia-8","status":"publish","type":"post","link":"http:\/\/paroquiagloria.org\/v2\/?p=8309","title":{"rendered":"\u201cCANTINHO DA FAM\u00cdLIA\u201d &#8211; 8"},"content":{"rendered":"<p><a href=\"http:\/\/paroquiagloria.org\/v2\/wp-content\/uploads\/2019\/12\/banner_terapia-familiar.jpg\"><img loading=\"lazy\" class=\"size-full wp-image-8193 aligncenter\" src=\"http:\/\/paroquiagloria.org\/v2\/wp-content\/uploads\/2019\/12\/banner_terapia-familiar.jpg\" alt=\"banner_terapia-familiar\" width=\"960\" height=\"450\" srcset=\"http:\/\/paroquiagloria.org\/v2\/wp-content\/uploads\/2019\/12\/banner_terapia-familiar.jpg 960w, http:\/\/paroquiagloria.org\/v2\/wp-content\/uploads\/2019\/12\/banner_terapia-familiar-300x141.jpg 300w\" sizes=\"(max-width: 960px) 100vw, 960px\" \/><\/a><\/p>\n<p>&nbsp;<\/p>\n<h3><strong>Dificuldades em Fam\u00edlia&#8230; quem as n\u00e3o tem ?<\/strong><\/h3>\n<p>A este prop\u00f3sito escreve o Papa Francisco:<\/p>\n<p style=\"text-align: justify;\">&#8220;A hist\u00f3ria de uma fam\u00edlia est\u00e1 marcada por crises de todo o g\u00e9nero, que s\u00e3o parte tamb\u00e9m da sua dram\u00e1tica beleza. \u00c9 preciso ajudar a descobrir que uma crise superada n\u00e3o leva a uma rela\u00e7\u00e3o menos intensa, mas a melhorar, sedimentar e maturar o vinho da uni\u00e3o. N\u00e3o se vive juntos para ser cada vez menos feliz, mas para aprender a ser feliz de maneira nova, a partir das possibilidades que abre uma nova etapa.<br \/>\nCada crise implica uma aprendizagem, que permite incrementar a intensidade da vida comum ou, pelo menos, encontrar um novo sentido para a experi\u00eancia matrimonial.<br \/>\n\u00c9 preciso n\u00e3o se resignar a uma curva descendente, a uma inevit\u00e1vel deteriora\u00e7\u00e3o, a uma mediocridade que se tem de suportar. Pelo contr\u00e1rio, quando se assume o Matrim\u00f3nio como uma tarefa que implica tamb\u00e9m superar obst\u00e1culos, cada crise \u00e9 sentida como ocasi\u00e3o para chegar a beber, juntos, o vinho melhor. &#8220;<\/p>\n<p style=\"text-align: right;\">( n\u00b0 232 da II Exorta\u00e7\u00e3o Apost\u00f3lica do Papa Francisco &#8220;Amoris Laetitia&#8221;)<\/p>\n<p style=\"text-align: right;\">\n<p style=\"text-align: justify;\">\r\n\t\t\t<div class='et-tabs-container et_sliderfx_fade et_sliderauto_false et_sliderauto_speed_5000 et_slidertype_top_tabs'>\r\n\t\t\t\t<ul class='et-tabs-control'>\r\n\t\t\t<li><a href='#'>\r\n\t\t\t\r\n\t\t<\/a><\/li>\r\n\t\t<\/ul> <!-- .et-tabs-control --> \r\n\t\t<div class='et-tabs-content'>\r\n\t\t\t<div class='et-tabs-content-wrapper'>\r\n\t\t\t\t<div class='et_slidecontent'>\r\n\t\t\t<span style=\"color: #ff0000;\"><strong>Ora\u00e7\u00e3o de Ben\u00e7\u00e3o para a mesa durante a semana:<\/strong><\/span> Senhor, pedimos que aben\u00e7oeis esta nossa refei\u00e7\u00e3o. Dai p\u00e3o aos que o n\u00e3o t\u00eam E fome de V\u00f3s a todos n\u00f3s. Gl\u00f3ria ao Pai, ao Filho e ao Esp\u00edrito Santo, Como era no princ\u00edpio, agora e sempre. Am\u00e9m\r\n\t\t<\/div>\r\n\t\t\t<\/div>\r\n\t\t<\/div>\r\n\t\t\t<\/div> <!-- .et-tabs-container --><\/p>\n<p style=\"text-align: justify;\">\n<p style=\"text-align: justify;\">\n<h2 style=\"text-align: center;\">Tarde de reflex\u00e3o sobre o magist\u00e9rio do Papa Francisco sobre a Fam\u00edlia.<br \/>\n\u00c9 no pr\u00f3ximo dia 25, \u00e0s 14h30, no Centro Paroquial.<br \/>\nReserve j\u00e1 esta data na sua agenda e n\u00e3o se dispense de participar.<br \/>\nA entrada \u00e9 livre.<\/h2>\n","protected":false},"excerpt":{"rendered":"<p>&nbsp; Dificuldades em Fam\u00edlia&#8230; quem as n\u00e3o tem ? A este prop\u00f3sito escreve o Papa Francisco: &#8220;A hist\u00f3ria de uma fam\u00edlia est\u00e1 marcada por crises de todo o g\u00e9nero, que s\u00e3o parte tamb\u00e9m da sua dram\u00e1tica beleza. \u00c9 preciso ajudar a descobrir que uma crise superada n\u00e3o leva a uma rela\u00e7\u00e3o menos intensa, mas a [&hellip;]<\/p>\n","protected":false},"author":1,"featured_media":8193,"comment_status":"open","ping_status":"closed","sticky":false,"template":"","format":"standard","meta":{"ngg_post_thumbnail":0},"categories":[1,4,2,6,19],"tags":[],"_links":{"self":[{"href":"http:\/\/paroquiagloria.org\/v2\/index.php?rest_route=\/wp\/v2\/posts\/8309"}],"collection":[{"href":"http:\/\/paroquiagloria.org\/v2\/index.php?rest_route=\/wp\/v2\/posts"}],"about":[{"href":"http:\/\/paroquiagloria.org\/v2\/index.php?rest_route=\/wp\/v2\/types\/post"}],"author":[{"embeddable":true,"href":"http:\/\/paroquiagloria.org\/v2\/index.php?rest_route=\/wp\/v2\/users\/1"}],"replies":[{"embeddable":true,"href":"http:\/\/paroquiagloria.org\/v2\/index.php?rest_route=%2Fwp%2Fv2%2Fcomments&post=8309"}],"version-history":[{"count":1,"href":"http:\/\/paroquiagloria.org\/v2\/index.php?rest_route=\/wp\/v2\/posts\/8309\/revisions"}],"predecessor-version":[{"id":8310,"href":"http:\/\/paroquiagloria.org\/v2\/index.php?rest_route=\/wp\/v2\/posts\/8309\/revisions\/8310"}],"wp:featuredmedia":[{"embeddable":true,"href":"http:\/\/paroquiagloria.org\/v2\/index.php?rest_route=\/wp\/v2\/media\/8193"}],"wp:attachment":[{"href":"http:\/\/paroquiagloria.org\/v2\/index.php?rest_route=%2Fwp%2Fv2%2Fmedia&parent=8309"}],"wp:term":[{"taxonomy":"category","embeddable":true,"href":"http:\/\/paroquiagloria.org\/v2\/index.php?rest_route=%2Fwp%2Fv2%2Fcategories&post=8309"},{"taxonomy":"post_tag","embeddable":true,"href":"http:\/\/paroquiagloria.org\/v2\/index.php?rest_route=%2Fwp%2Fv2%2Ftags&post=8309"}],"curies":[{"name":"wp","href":"https:\/\/api.w.org\/{rel}","templated":true}]}}