{"id":8303,"date":"2020-01-18T19:22:27","date_gmt":"2020-01-18T19:22:27","guid":{"rendered":"http:\/\/paroquiagloria.org\/v2\/?p=8303"},"modified":"2020-01-18T19:23:43","modified_gmt":"2020-01-18T19:23:43","slug":"nao-quero-que-morras","status":"publish","type":"post","link":"http:\/\/paroquiagloria.org\/v2\/?p=8303","title":{"rendered":"&#8220;N\u00e3o quero que morras&#8221;!"},"content":{"rendered":"<p><a href=\"http:\/\/paroquiagloria.org\/v2\/wp-content\/uploads\/2020\/01\/abra\u00e7o.jpg\"><img loading=\"lazy\" class=\"size-full wp-image-8306 aligncenter\" src=\"http:\/\/paroquiagloria.org\/v2\/wp-content\/uploads\/2020\/01\/abra\u00e7o.jpg\" alt=\"abra\u00e7o\" width=\"288\" height=\"335\" srcset=\"http:\/\/paroquiagloria.org\/v2\/wp-content\/uploads\/2020\/01\/abra\u00e7o.jpg 288w, http:\/\/paroquiagloria.org\/v2\/wp-content\/uploads\/2020\/01\/abra\u00e7o-258x300.jpg 258w\" sizes=\"(max-width: 288px) 100vw, 288px\" \/><\/a><\/p>\n<p>&nbsp;<\/p>\n<p>\u00c9 o t\u00edtulo da primeira tarde de reflex\u00e3o de Pastoral Familiar, que a Par\u00f3quia de Nossa Senhora da Gl\u00f3ria, pelo seu Secretariado, organiza, neste ano, em conformidade com o nosso Plano Pastoral, centrado no Matrim\u00f3nio e na Fam\u00edlia.<br \/>\nVem, mais uma vez, at\u00e9 n\u00f3s, o Sr. Dr. Furtado Fernandes, reflectir connosco a problem\u00e1tica da vida em casal, \u00e0 luz do pensamento do Papa Francisco, especialmente condensado na II Exorta\u00e7\u00e3o Apost\u00f3lica &#8220;Amoris Laetitia&#8221;.<br \/>\nAs credenciais do Palestrante (Licenciado em Economia e Direito, P\u00f3s-graduado em Orienta\u00e7\u00e3o e Media\u00e7\u00e3o Familiar, Formador e Consultor na \u00e1rea do comportamento organizacional e Orientador conjugal) s\u00e3o mais que suficientes para que ningu\u00e9m se sinta dispensado de participar numa tarde t\u00e3o enriquecedora, como vai ser a de 28 de Janeiro, com in\u00edcio \u00e0s 14h30, no Centro Paroquial.<\/p>\n","protected":false},"excerpt":{"rendered":"<p>&nbsp; \u00c9 o t\u00edtulo da primeira tarde de reflex\u00e3o de Pastoral Familiar, que a Par\u00f3quia de Nossa Senhora da Gl\u00f3ria, pelo seu Secretariado, organiza, neste ano, em conformidade com o nosso Plano Pastoral, centrado no Matrim\u00f3nio e na Fam\u00edlia. Vem, mais uma vez, at\u00e9 n\u00f3s, o Sr. Dr. Furtado Fernandes, reflectir connosco a problem\u00e1tica da [&hellip;]<\/p>\n","protected":false},"author":1,"featured_media":8307,"comment_status":"open","ping_status":"closed","sticky":false,"template":"","format":"standard","meta":{"ngg_post_thumbnail":0},"categories":[1,4,2,6,22],"tags":[],"_links":{"self":[{"href":"http:\/\/paroquiagloria.org\/v2\/index.php?rest_route=\/wp\/v2\/posts\/8303"}],"collection":[{"href":"http:\/\/paroquiagloria.org\/v2\/index.php?rest_route=\/wp\/v2\/posts"}],"about":[{"href":"http:\/\/paroquiagloria.org\/v2\/index.php?rest_route=\/wp\/v2\/types\/post"}],"author":[{"embeddable":true,"href":"http:\/\/paroquiagloria.org\/v2\/index.php?rest_route=\/wp\/v2\/users\/1"}],"replies":[{"embeddable":true,"href":"http:\/\/paroquiagloria.org\/v2\/index.php?rest_route=%2Fwp%2Fv2%2Fcomments&post=8303"}],"version-history":[{"count":2,"href":"http:\/\/paroquiagloria.org\/v2\/index.php?rest_route=\/wp\/v2\/posts\/8303\/revisions"}],"predecessor-version":[{"id":8308,"href":"http:\/\/paroquiagloria.org\/v2\/index.php?rest_route=\/wp\/v2\/posts\/8303\/revisions\/8308"}],"wp:featuredmedia":[{"embeddable":true,"href":"http:\/\/paroquiagloria.org\/v2\/index.php?rest_route=\/wp\/v2\/media\/8307"}],"wp:attachment":[{"href":"http:\/\/paroquiagloria.org\/v2\/index.php?rest_route=%2Fwp%2Fv2%2Fmedia&parent=8303"}],"wp:term":[{"taxonomy":"category","embeddable":true,"href":"http:\/\/paroquiagloria.org\/v2\/index.php?rest_route=%2Fwp%2Fv2%2Fcategories&post=8303"},{"taxonomy":"post_tag","embeddable":true,"href":"http:\/\/paroquiagloria.org\/v2\/index.php?rest_route=%2Fwp%2Fv2%2Ftags&post=8303"}],"curies":[{"name":"wp","href":"https:\/\/api.w.org\/{rel}","templated":true}]}}