{"id":8301,"date":"2020-01-18T19:15:24","date_gmt":"2020-01-18T19:15:24","guid":{"rendered":"http:\/\/paroquiagloria.org\/v2\/?p=8301"},"modified":"2020-01-18T19:15:24","modified_gmt":"2020-01-18T19:15:24","slug":"unidade-dos-cristaos","status":"publish","type":"post","link":"http:\/\/paroquiagloria.org\/v2\/?p=8301","title":{"rendered":"Unidade dos Crist\u00e3os"},"content":{"rendered":"<p><a href=\"http:\/\/paroquiagloria.org\/v2\/wp-content\/uploads\/2020\/01\/banner_ACNUR.jpg\"><img loading=\"lazy\" class=\"size-full wp-image-8250 aligncenter\" src=\"http:\/\/paroquiagloria.org\/v2\/wp-content\/uploads\/2020\/01\/banner_ACNUR.jpg\" alt=\"banner_ACNUR\" width=\"960\" height=\"450\" srcset=\"http:\/\/paroquiagloria.org\/v2\/wp-content\/uploads\/2020\/01\/banner_ACNUR.jpg 960w, http:\/\/paroquiagloria.org\/v2\/wp-content\/uploads\/2020\/01\/banner_ACNUR-300x141.jpg 300w\" sizes=\"(max-width: 960px) 100vw, 960px\" \/><\/a><\/p>\n<p>&nbsp;<\/p>\n<p>A semana de 18 a 25 de Janeiro \u00e9 h\u00e1 muito dedicada \u00e0 Ora\u00e7\u00e3o pela Unidade dos Crist\u00e3os. Na nossa Diocese tamb\u00e9m.<br \/>\nEste ano coube \u00e0 S\u00e9 de Aveiro acolher os Respons\u00e1veis nacionais das Igrejas Crist\u00e3s mais representativas no nosso Pa\u00eds e proporcionar a todos os participantes um momento de Ora\u00e7\u00e3o, que abriu oficialmente o Oitav\u00e1rio.<br \/>\nQue a viv\u00eancia dos valores propostos, nesta semana, nos ajude a tomar consci\u00eancia da responsabilidade que nos cabe na busca de solu\u00e7\u00f5es para os diferentes problemas dos migrantes e refugiados, especialmente na nossa regi\u00e3o.<\/p>\n","protected":false},"excerpt":{"rendered":"<p>&nbsp; A semana de 18 a 25 de Janeiro \u00e9 h\u00e1 muito dedicada \u00e0 Ora\u00e7\u00e3o pela Unidade dos Crist\u00e3os. Na nossa Diocese tamb\u00e9m. Este ano coube \u00e0 S\u00e9 de Aveiro acolher os Respons\u00e1veis nacionais das Igrejas Crist\u00e3s mais representativas no nosso Pa\u00eds e proporcionar a todos os participantes um momento de Ora\u00e7\u00e3o, que abriu oficialmente [&hellip;]<\/p>\n","protected":false},"author":1,"featured_media":8250,"comment_status":"open","ping_status":"closed","sticky":false,"template":"","format":"standard","meta":{"ngg_post_thumbnail":0},"categories":[1,4,2,6,22],"tags":[],"_links":{"self":[{"href":"http:\/\/paroquiagloria.org\/v2\/index.php?rest_route=\/wp\/v2\/posts\/8301"}],"collection":[{"href":"http:\/\/paroquiagloria.org\/v2\/index.php?rest_route=\/wp\/v2\/posts"}],"about":[{"href":"http:\/\/paroquiagloria.org\/v2\/index.php?rest_route=\/wp\/v2\/types\/post"}],"author":[{"embeddable":true,"href":"http:\/\/paroquiagloria.org\/v2\/index.php?rest_route=\/wp\/v2\/users\/1"}],"replies":[{"embeddable":true,"href":"http:\/\/paroquiagloria.org\/v2\/index.php?rest_route=%2Fwp%2Fv2%2Fcomments&post=8301"}],"version-history":[{"count":1,"href":"http:\/\/paroquiagloria.org\/v2\/index.php?rest_route=\/wp\/v2\/posts\/8301\/revisions"}],"predecessor-version":[{"id":8302,"href":"http:\/\/paroquiagloria.org\/v2\/index.php?rest_route=\/wp\/v2\/posts\/8301\/revisions\/8302"}],"wp:featuredmedia":[{"embeddable":true,"href":"http:\/\/paroquiagloria.org\/v2\/index.php?rest_route=\/wp\/v2\/media\/8250"}],"wp:attachment":[{"href":"http:\/\/paroquiagloria.org\/v2\/index.php?rest_route=%2Fwp%2Fv2%2Fmedia&parent=8301"}],"wp:term":[{"taxonomy":"category","embeddable":true,"href":"http:\/\/paroquiagloria.org\/v2\/index.php?rest_route=%2Fwp%2Fv2%2Fcategories&post=8301"},{"taxonomy":"post_tag","embeddable":true,"href":"http:\/\/paroquiagloria.org\/v2\/index.php?rest_route=%2Fwp%2Fv2%2Ftags&post=8301"}],"curies":[{"name":"wp","href":"https:\/\/api.w.org\/{rel}","templated":true}]}}