{"id":8298,"date":"2020-01-18T19:14:32","date_gmt":"2020-01-18T19:14:32","guid":{"rendered":"http:\/\/paroquiagloria.org\/v2\/?p=8298"},"modified":"2020-01-18T19:23:07","modified_gmt":"2020-01-18T19:23:07","slug":"novos-diaconos-2","status":"publish","type":"post","link":"http:\/\/paroquiagloria.org\/v2\/?p=8298","title":{"rendered":"Novos Di\u00e1conos"},"content":{"rendered":"<p><a href=\"http:\/\/paroquiagloria.org\/v2\/wp-content\/uploads\/2013\/02\/ord_banner_fb_01.jpg\"><img loading=\"lazy\" class=\"alignnone size-large wp-image-8295\" src=\"http:\/\/paroquiagloria.org\/v2\/wp-content\/uploads\/2013\/02\/ord_banner_fb_01-1024x380.jpg\" alt=\"ord_banner_fb_01\" width=\"1024\" height=\"380\" srcset=\"http:\/\/paroquiagloria.org\/v2\/wp-content\/uploads\/2013\/02\/ord_banner_fb_01-1024x380.jpg 1024w, http:\/\/paroquiagloria.org\/v2\/wp-content\/uploads\/2013\/02\/ord_banner_fb_01-300x111.jpg 300w\" sizes=\"(max-width: 1024px) 100vw, 1024px\" \/><\/a><\/p>\n<p>&nbsp;<\/p>\n<p>No pr\u00f3ximo domingo, dia 26, pelas 15h30, o Sr. Bispo ir\u00e1 ordenar dois novos Di\u00e1conos, a caminho do presbiterado &#8211; F\u00e1bio Freches e Nuno Gon\u00e7alves.<br \/>\nA celebra\u00e7\u00e3o decorrer\u00e1, na igreja matriz de Paradela (Sever do Vouga). Disponibilizemo-nos a ester presentes neste momento importante para a Diocese.<\/p>\n<p>&nbsp;<\/p>\n<p><a href=\"http:\/\/paroquiagloria.org\/v2\/wp-content\/uploads\/2013\/02\/NunoFabio.jpg\"><img loading=\"lazy\" class=\"alignnone size-large wp-image-8296\" src=\"http:\/\/paroquiagloria.org\/v2\/wp-content\/uploads\/2013\/02\/NunoFabio-1024x588.jpg\" alt=\"Nuno&amp;Fabio\" width=\"1024\" height=\"588\" srcset=\"http:\/\/paroquiagloria.org\/v2\/wp-content\/uploads\/2013\/02\/NunoFabio-1024x588.jpg 1024w, http:\/\/paroquiagloria.org\/v2\/wp-content\/uploads\/2013\/02\/NunoFabio-300x172.jpg 300w\" sizes=\"(max-width: 1024px) 100vw, 1024px\" \/><\/a><\/p>\n<p>&nbsp;<\/p>\n<p><a href=\"http:\/\/www.diocese-aveiro.pt\/v2\/?p=18823\" target=\"_blank\">DIOCESE DE AVEIRO<\/a><\/p>\n","protected":false},"excerpt":{"rendered":"<p>&nbsp; No pr\u00f3ximo domingo, dia 26, pelas 15h30, o Sr. Bispo ir\u00e1 ordenar dois novos Di\u00e1conos, a caminho do presbiterado &#8211; F\u00e1bio Freches e Nuno Gon\u00e7alves. A celebra\u00e7\u00e3o decorrer\u00e1, na igreja matriz de Paradela (Sever do Vouga). Disponibilizemo-nos a ester presentes neste momento importante para a Diocese. &nbsp; &nbsp; DIOCESE DE AVEIRO<\/p>\n","protected":false},"author":1,"featured_media":8299,"comment_status":"open","ping_status":"closed","sticky":false,"template":"","format":"standard","meta":{"ngg_post_thumbnail":0},"categories":[1,4,2,6,22],"tags":[],"_links":{"self":[{"href":"http:\/\/paroquiagloria.org\/v2\/index.php?rest_route=\/wp\/v2\/posts\/8298"}],"collection":[{"href":"http:\/\/paroquiagloria.org\/v2\/index.php?rest_route=\/wp\/v2\/posts"}],"about":[{"href":"http:\/\/paroquiagloria.org\/v2\/index.php?rest_route=\/wp\/v2\/types\/post"}],"author":[{"embeddable":true,"href":"http:\/\/paroquiagloria.org\/v2\/index.php?rest_route=\/wp\/v2\/users\/1"}],"replies":[{"embeddable":true,"href":"http:\/\/paroquiagloria.org\/v2\/index.php?rest_route=%2Fwp%2Fv2%2Fcomments&post=8298"}],"version-history":[{"count":2,"href":"http:\/\/paroquiagloria.org\/v2\/index.php?rest_route=\/wp\/v2\/posts\/8298\/revisions"}],"predecessor-version":[{"id":8305,"href":"http:\/\/paroquiagloria.org\/v2\/index.php?rest_route=\/wp\/v2\/posts\/8298\/revisions\/8305"}],"wp:featuredmedia":[{"embeddable":true,"href":"http:\/\/paroquiagloria.org\/v2\/index.php?rest_route=\/wp\/v2\/media\/8299"}],"wp:attachment":[{"href":"http:\/\/paroquiagloria.org\/v2\/index.php?rest_route=%2Fwp%2Fv2%2Fmedia&parent=8298"}],"wp:term":[{"taxonomy":"category","embeddable":true,"href":"http:\/\/paroquiagloria.org\/v2\/index.php?rest_route=%2Fwp%2Fv2%2Fcategories&post=8298"},{"taxonomy":"post_tag","embeddable":true,"href":"http:\/\/paroquiagloria.org\/v2\/index.php?rest_route=%2Fwp%2Fv2%2Ftags&post=8298"}],"curies":[{"name":"wp","href":"https:\/\/api.w.org\/{rel}","templated":true}]}}