{"id":8281,"date":"2020-01-11T20:08:04","date_gmt":"2020-01-11T20:08:04","guid":{"rendered":"http:\/\/paroquiagloria.org\/v2\/?p=8281"},"modified":"2020-01-11T20:08:04","modified_gmt":"2020-01-11T20:08:04","slug":"jornada-eucaristica-diocesana","status":"publish","type":"post","link":"http:\/\/paroquiagloria.org\/v2\/?p=8281","title":{"rendered":"Jornada Eucar\u00edstica Diocesana"},"content":{"rendered":"<p><a href=\"http:\/\/paroquiagloria.org\/v2\/wp-content\/uploads\/2020\/01\/banner_logoSDPL.jpg\"><img loading=\"lazy\" class=\"size-full wp-image-8283 aligncenter\" src=\"http:\/\/paroquiagloria.org\/v2\/wp-content\/uploads\/2020\/01\/banner_logoSDPL.jpg\" alt=\"banner_logoSDPL\" width=\"960\" height=\"450\" srcset=\"http:\/\/paroquiagloria.org\/v2\/wp-content\/uploads\/2020\/01\/banner_logoSDPL.jpg 960w, http:\/\/paroquiagloria.org\/v2\/wp-content\/uploads\/2020\/01\/banner_logoSDPL-300x141.jpg 300w\" sizes=\"(max-width: 960px) 100vw, 960px\" \/><\/a><\/p>\n<p>&nbsp;<\/p>\n<p>Com o objectivo de aprofundar os temas preparat\u00f3rios do Congresso Eucar\u00edstico Internacional e aproveitarmos esta oportunidade para forma\u00e7\u00e3o sobre a espiritualidade eucar\u00edstica, haver\u00e1 na Casa Diocesana de Albergaria-a-Velha no pr\u00f3ximo dia 18 de janeiro, das 9h30 \u00e0s 17h00, uma Jornada Eucar\u00edstica Diocesana.<br \/>\nEste encontro que n\u00e3o carece de inscri\u00e7\u00e3o pr\u00e9via, dirige-se especialmente aos MEC\u2019s, mas tamb\u00e9m a catequistas e a quaisquer ministros da pastoral lit\u00fargica e outros interessados. N\u00e3o deixe de participar.<\/p>\n<p>&nbsp;<\/p>\n<p><a href=\"http:\/\/www.diocese-aveiro.pt\/v2\/?p=18915\" target=\"_blank\">MAIS INFORMA\u00c7\u00d5ES<\/a><\/p>\n","protected":false},"excerpt":{"rendered":"<p>&nbsp; Com o objectivo de aprofundar os temas preparat\u00f3rios do Congresso Eucar\u00edstico Internacional e aproveitarmos esta oportunidade para forma\u00e7\u00e3o sobre a espiritualidade eucar\u00edstica, haver\u00e1 na Casa Diocesana de Albergaria-a-Velha no pr\u00f3ximo dia 18 de janeiro, das 9h30 \u00e0s 17h00, uma Jornada Eucar\u00edstica Diocesana. Este encontro que n\u00e3o carece de inscri\u00e7\u00e3o pr\u00e9via, dirige-se especialmente aos MEC\u2019s, [&hellip;]<\/p>\n","protected":false},"author":1,"featured_media":8283,"comment_status":"open","ping_status":"closed","sticky":false,"template":"","format":"standard","meta":{"ngg_post_thumbnail":0},"categories":[1,4,2,6,22],"tags":[],"_links":{"self":[{"href":"http:\/\/paroquiagloria.org\/v2\/index.php?rest_route=\/wp\/v2\/posts\/8281"}],"collection":[{"href":"http:\/\/paroquiagloria.org\/v2\/index.php?rest_route=\/wp\/v2\/posts"}],"about":[{"href":"http:\/\/paroquiagloria.org\/v2\/index.php?rest_route=\/wp\/v2\/types\/post"}],"author":[{"embeddable":true,"href":"http:\/\/paroquiagloria.org\/v2\/index.php?rest_route=\/wp\/v2\/users\/1"}],"replies":[{"embeddable":true,"href":"http:\/\/paroquiagloria.org\/v2\/index.php?rest_route=%2Fwp%2Fv2%2Fcomments&post=8281"}],"version-history":[{"count":1,"href":"http:\/\/paroquiagloria.org\/v2\/index.php?rest_route=\/wp\/v2\/posts\/8281\/revisions"}],"predecessor-version":[{"id":8285,"href":"http:\/\/paroquiagloria.org\/v2\/index.php?rest_route=\/wp\/v2\/posts\/8281\/revisions\/8285"}],"wp:featuredmedia":[{"embeddable":true,"href":"http:\/\/paroquiagloria.org\/v2\/index.php?rest_route=\/wp\/v2\/media\/8283"}],"wp:attachment":[{"href":"http:\/\/paroquiagloria.org\/v2\/index.php?rest_route=%2Fwp%2Fv2%2Fmedia&parent=8281"}],"wp:term":[{"taxonomy":"category","embeddable":true,"href":"http:\/\/paroquiagloria.org\/v2\/index.php?rest_route=%2Fwp%2Fv2%2Fcategories&post=8281"},{"taxonomy":"post_tag","embeddable":true,"href":"http:\/\/paroquiagloria.org\/v2\/index.php?rest_route=%2Fwp%2Fv2%2Ftags&post=8281"}],"curies":[{"name":"wp","href":"https:\/\/api.w.org\/{rel}","templated":true}]}}