{"id":8277,"date":"2020-01-11T20:00:39","date_gmt":"2020-01-11T20:00:39","guid":{"rendered":"http:\/\/paroquiagloria.org\/v2\/?p=8277"},"modified":"2020-01-11T20:16:36","modified_gmt":"2020-01-11T20:16:36","slug":"cantinho-da-familia-7","status":"publish","type":"post","link":"http:\/\/paroquiagloria.org\/v2\/?p=8277","title":{"rendered":"&#8220;CANTINHO DA FAM\u00cdLIA&#8221; &#8211; 7"},"content":{"rendered":"<p><a href=\"http:\/\/paroquiagloria.org\/v2\/wp-content\/uploads\/2019\/12\/banner_terapia-familiar.jpg\"><img loading=\"lazy\" class=\"size-full wp-image-8193 aligncenter\" src=\"http:\/\/paroquiagloria.org\/v2\/wp-content\/uploads\/2019\/12\/banner_terapia-familiar.jpg\" alt=\"banner_terapia-familiar\" width=\"960\" height=\"450\" srcset=\"http:\/\/paroquiagloria.org\/v2\/wp-content\/uploads\/2019\/12\/banner_terapia-familiar.jpg 960w, http:\/\/paroquiagloria.org\/v2\/wp-content\/uploads\/2019\/12\/banner_terapia-familiar-300x141.jpg 300w\" sizes=\"(max-width: 960px) 100vw, 960px\" \/><\/a><\/p>\n<p>Apesar das dificuldades do tempo actual, &#8220;A fam\u00edlia deve continuar a ser lugar onde se ensina a perceber as raz\u00f5es e a beleza da f\u00e9, a rezar e a servir o pr\u00f3ximo&#8230;<br \/>\nA f\u00e9 \u00e9 dom de Deus, recebido no Baptismo e n\u00e3o o resultado de uma ac\u00e7\u00e3o humana; mas os pais s\u00e3o instrumentos de Deus para a sua matura\u00e7\u00e3o e desenvolvimento. Por isso, \u00e9 bonito quando as m\u00e3es ensinam os filhos pequenos a enviar um beijo a Jesus ou a Nossa Senhora. Quanta ternura h\u00e1 nisto!<br \/>\n\u00c9 fundamental que os filhos vejam de maneira concreta que, para os seus pais, a ora\u00e7\u00e3o \u00e9 realmente importante. Por isso, os momentos de ora\u00e7\u00e3o em fam\u00edlia e as express\u00f5es de piedade popular podem ter mais for\u00e7a evangelizadora do que todas as catequeses e todos os discursos.\u201d<\/p>\n<p style=\"text-align: right;\">(Segunda Exorta\u00e7\u00e3o Apost\u00f3lica do Papa Francisco &#8220;Amoris laetitia&#8221; n\u00bas 287 e 288)<\/p>\n<p>&nbsp;<\/p>\n<p>&nbsp;<\/p>\n\r\n\t\t\t<div class='et-tabs-container et_sliderfx_fade et_sliderauto_false et_sliderauto_speed_5000 et_slidertype_top_tabs'>\r\n\t\t\t\t<ul class='et-tabs-control'>\r\n\t\t\t<li><a href='#'>\r\n\t\t\t\r\n\t\t<\/a><\/li>\r\n\t\t<\/ul> <!-- .et-tabs-control --> \r\n\t\t<div class='et-tabs-content'>\r\n\t\t\t<div class='et-tabs-content-wrapper'>\r\n\t\t\t\t<div class='et_slidecontent'>\r\n\t\t\tReserve a tarde de 25 de Janeiro para saber o pensamento do Papa Francisco sobre o Matrim\u00f3nio e a Fam\u00edlia. O encontro come\u00e7a \u00e0s 14h30 e termina por volta das 17h00, no Sal\u00e3o de Nossa Senhora da Gl\u00f3ria do Centro Paroquial. A entrada \u00e9 livre e destina-se especialmente a casais. N\u00e3o perca esta oportunidade!\r\n\t\t<\/div>\r\n\t\t\t<\/div>\r\n\t\t<\/div>\r\n\t\t\t<\/div> <!-- .et-tabs-container -->\n<p>&nbsp;<\/p>\n<h1>&#8230; os n\u00fameros<\/h1>\n<h4>Durante o ano de 2019, foram baptizadas na Par\u00f3quia 65 crian\u00e7as.<\/h4>\n<p><a href=\"http:\/\/paroquiagloria.org\/v2\/wp-content\/uploads\/2013\/03\/bapti.jpg\"><img loading=\"lazy\" class=\"alignnone size-full wp-image-1078\" src=\"http:\/\/paroquiagloria.org\/v2\/wp-content\/uploads\/2013\/03\/bapti.jpg\" alt=\"bapti\" width=\"960\" height=\"720\" srcset=\"http:\/\/paroquiagloria.org\/v2\/wp-content\/uploads\/2013\/03\/bapti.jpg 960w, http:\/\/paroquiagloria.org\/v2\/wp-content\/uploads\/2013\/03\/bapti-300x225.jpg 300w\" sizes=\"(max-width: 960px) 100vw, 960px\" \/><\/a><\/p>\n<p>&nbsp;<\/p>\n\r\n\t\t\t<div class='et-tabs-container et_sliderfx_fade et_sliderauto_false et_sliderauto_speed_5000 et_slidertype_top_tabs'>\r\n\t\t\t\t<ul class='et-tabs-control'>\r\n\t\t\t<li><a href='#'>\r\n\t\t\t\r\n\t\t<\/a><\/li>\r\n\t\t<\/ul> <!-- .et-tabs-control --> \r\n\t\t<div class='et-tabs-content'>\r\n\t\t\t<div class='et-tabs-content-wrapper'>\r\n\t\t\t\t<div class='et_slidecontent'>\r\n\t\t\t<span style=\"color: #ff6600;\"><strong>Ora\u00e7\u00e3o de Ben\u00e7\u00e3o para a mesa durante a semana:<\/strong><\/span> N\u00f3s Te agradecemos, Senhor, os alimentos que vamos tomar. Queremos pedir-Te por todos aqueles que t\u00eam fome: Fome de p\u00e3o, fome de justi\u00e7a, fome de amor, fome do Teu amor. Gl\u00f3ria ao Pai, ao Filho e ao Esp\u00edrito Santo, Como era no princ\u00edpio, agora e sempre. Am\u00e9m\r\n\t\t<\/div>\r\n\t\t\t<\/div>\r\n\t\t<\/div>\r\n\t\t\t<\/div> <!-- .et-tabs-container -->\n","protected":false},"excerpt":{"rendered":"<p>Apesar das dificuldades do tempo actual, &#8220;A fam\u00edlia deve continuar a ser lugar onde se ensina a perceber as raz\u00f5es e a beleza da f\u00e9, a rezar e a servir o pr\u00f3ximo&#8230; A f\u00e9 \u00e9 dom de Deus, recebido no Baptismo e n\u00e3o o resultado de uma ac\u00e7\u00e3o humana; mas os pais s\u00e3o instrumentos de [&hellip;]<\/p>\n","protected":false},"author":1,"featured_media":8193,"comment_status":"open","ping_status":"closed","sticky":false,"template":"","format":"standard","meta":{"ngg_post_thumbnail":0},"categories":[1,4,2,6,22],"tags":[],"_links":{"self":[{"href":"http:\/\/paroquiagloria.org\/v2\/index.php?rest_route=\/wp\/v2\/posts\/8277"}],"collection":[{"href":"http:\/\/paroquiagloria.org\/v2\/index.php?rest_route=\/wp\/v2\/posts"}],"about":[{"href":"http:\/\/paroquiagloria.org\/v2\/index.php?rest_route=\/wp\/v2\/types\/post"}],"author":[{"embeddable":true,"href":"http:\/\/paroquiagloria.org\/v2\/index.php?rest_route=\/wp\/v2\/users\/1"}],"replies":[{"embeddable":true,"href":"http:\/\/paroquiagloria.org\/v2\/index.php?rest_route=%2Fwp%2Fv2%2Fcomments&post=8277"}],"version-history":[{"count":2,"href":"http:\/\/paroquiagloria.org\/v2\/index.php?rest_route=\/wp\/v2\/posts\/8277\/revisions"}],"predecessor-version":[{"id":8290,"href":"http:\/\/paroquiagloria.org\/v2\/index.php?rest_route=\/wp\/v2\/posts\/8277\/revisions\/8290"}],"wp:featuredmedia":[{"embeddable":true,"href":"http:\/\/paroquiagloria.org\/v2\/index.php?rest_route=\/wp\/v2\/media\/8193"}],"wp:attachment":[{"href":"http:\/\/paroquiagloria.org\/v2\/index.php?rest_route=%2Fwp%2Fv2%2Fmedia&parent=8277"}],"wp:term":[{"taxonomy":"category","embeddable":true,"href":"http:\/\/paroquiagloria.org\/v2\/index.php?rest_route=%2Fwp%2Fv2%2Fcategories&post=8277"},{"taxonomy":"post_tag","embeddable":true,"href":"http:\/\/paroquiagloria.org\/v2\/index.php?rest_route=%2Fwp%2Fv2%2Ftags&post=8277"}],"curies":[{"name":"wp","href":"https:\/\/api.w.org\/{rel}","templated":true}]}}