{"id":8270,"date":"2020-01-05T11:20:50","date_gmt":"2020-01-05T11:20:50","guid":{"rendered":"http:\/\/paroquiagloria.org\/v2\/?p=8270"},"modified":"2020-01-05T11:20:50","modified_gmt":"2020-01-05T11:20:50","slug":"sonhos-de-deus","status":"publish","type":"post","link":"http:\/\/paroquiagloria.org\/v2\/?p=8270","title":{"rendered":"Sonhos de Deus !"},"content":{"rendered":"<p><a href=\"http:\/\/paroquiagloria.org\/v2\/wp-content\/uploads\/2020\/01\/epifania_A.jpg\"><img loading=\"lazy\" class=\"size-full wp-image-8258 aligncenter\" src=\"http:\/\/paroquiagloria.org\/v2\/wp-content\/uploads\/2020\/01\/epifania_A.jpg\" alt=\"epifania_A\" width=\"1000\" height=\"827\" srcset=\"http:\/\/paroquiagloria.org\/v2\/wp-content\/uploads\/2020\/01\/epifania_A.jpg 1000w, http:\/\/paroquiagloria.org\/v2\/wp-content\/uploads\/2020\/01\/epifania_A-300x248.jpg 300w\" sizes=\"(max-width: 1000px) 100vw, 1000px\" \/><\/a><\/p>\n<p>&nbsp;<\/p>\n<p style=\"text-align: justify;\">O Natal \u00e9 um tempo de sonhos. Sonhos de Deus, que respiram novidade e futuro. S\u00e3o projecto.<br \/>\nComo aconteceu com outros personagens b\u00edblicos, tamb\u00e9m \u00e9 em sonhos que Deus fala aos Magos e os desafia a regressarem \u00e0s suas terras e ocupa\u00e7\u00f5es, por caminhos novos, assistidos pela estrela que os ilumina e transforma, a ponto de oferecerem tudo o que de mais belo e precioso t\u00eam.<br \/>\nAssim, de cora\u00e7\u00e3o cheio e feliz, <em>&#8220;e avisados em sonhos&#8221;<\/em>, iniciam a aventura do regresso \u00e0 normalidade, &#8220;<em>por caminhos diferentes<\/em>&#8220;, tornando-se, para n\u00f3s, exemplo de quem n\u00e3o cede \u00e0 tenta\u00e7\u00e3o do comodismo e da pregui\u00e7a, nem desiste apesar das dificuldades.<br \/>\nQue sejam tamb\u00e9m diferentes os nossos caminhos, para que o ano, h\u00e1 pouco come\u00e7ado, seja prop\u00edcio a escrevermos o nosso pr\u00f3prio &#8220;<em>Magnificat<\/em>&#8220;, pelas maravilhas que Deus nos tem para oferecer, ainda que \u00e0s vezes nos pare\u00e7a distante e em sil\u00eancio.<br \/>\nSe nada quisermos aprender com o exemplo dos Reis Magos, arriscamo-nos a integrar o lote dos que tornam o Tempo de Natal apenas um tempo anual de &#8220;fantasia colectiva e consumista&#8221;.<\/p>\n<p style=\"text-align: right;\">\nP. Fausto<\/p>\n<p style=\"text-align: right;\"><em>in<\/em> Dialogo n. 1682 [Solenidade da Epifania do Senhor &#8211; Ano A]<\/p>\n<p>&nbsp;<\/p>\n","protected":false},"excerpt":{"rendered":"<p>&nbsp; O Natal \u00e9 um tempo de sonhos. Sonhos de Deus, que respiram novidade e futuro. S\u00e3o projecto. Como aconteceu com outros personagens b\u00edblicos, tamb\u00e9m \u00e9 em sonhos que Deus fala aos Magos e os desafia a regressarem \u00e0s suas terras e ocupa\u00e7\u00f5es, por caminhos novos, assistidos pela estrela que os ilumina e transforma, a [&hellip;]<\/p>\n","protected":false},"author":1,"featured_media":8255,"comment_status":"open","ping_status":"closed","sticky":false,"template":"","format":"standard","meta":{"ngg_post_thumbnail":0},"categories":[1,4,2,6,17],"tags":[],"_links":{"self":[{"href":"http:\/\/paroquiagloria.org\/v2\/index.php?rest_route=\/wp\/v2\/posts\/8270"}],"collection":[{"href":"http:\/\/paroquiagloria.org\/v2\/index.php?rest_route=\/wp\/v2\/posts"}],"about":[{"href":"http:\/\/paroquiagloria.org\/v2\/index.php?rest_route=\/wp\/v2\/types\/post"}],"author":[{"embeddable":true,"href":"http:\/\/paroquiagloria.org\/v2\/index.php?rest_route=\/wp\/v2\/users\/1"}],"replies":[{"embeddable":true,"href":"http:\/\/paroquiagloria.org\/v2\/index.php?rest_route=%2Fwp%2Fv2%2Fcomments&post=8270"}],"version-history":[{"count":1,"href":"http:\/\/paroquiagloria.org\/v2\/index.php?rest_route=\/wp\/v2\/posts\/8270\/revisions"}],"predecessor-version":[{"id":8271,"href":"http:\/\/paroquiagloria.org\/v2\/index.php?rest_route=\/wp\/v2\/posts\/8270\/revisions\/8271"}],"wp:featuredmedia":[{"embeddable":true,"href":"http:\/\/paroquiagloria.org\/v2\/index.php?rest_route=\/wp\/v2\/media\/8255"}],"wp:attachment":[{"href":"http:\/\/paroquiagloria.org\/v2\/index.php?rest_route=%2Fwp%2Fv2%2Fmedia&parent=8270"}],"wp:term":[{"taxonomy":"category","embeddable":true,"href":"http:\/\/paroquiagloria.org\/v2\/index.php?rest_route=%2Fwp%2Fv2%2Fcategories&post=8270"},{"taxonomy":"post_tag","embeddable":true,"href":"http:\/\/paroquiagloria.org\/v2\/index.php?rest_route=%2Fwp%2Fv2%2Ftags&post=8270"}],"curies":[{"name":"wp","href":"https:\/\/api.w.org\/{rel}","templated":true}]}}