{"id":8264,"date":"2020-01-05T10:58:43","date_gmt":"2020-01-05T10:58:43","guid":{"rendered":"http:\/\/paroquiagloria.org\/v2\/?p=8264"},"modified":"2020-01-05T10:58:43","modified_gmt":"2020-01-05T10:58:43","slug":"aqui-ao-lado-2","status":"publish","type":"post","link":"http:\/\/paroquiagloria.org\/v2\/?p=8264","title":{"rendered":"&#8230; Aqui ao lado"},"content":{"rendered":"<p><a href=\"http:\/\/paroquiagloria.org\/v2\/wp-content\/uploads\/2020\/01\/presepios_familiares_Aveiro_Par\u00f3quia-da-Vera-Cruz.jpg\"><img loading=\"lazy\" class=\"size-full wp-image-8260 aligncenter\" src=\"http:\/\/paroquiagloria.org\/v2\/wp-content\/uploads\/2020\/01\/presepios_familiares_Aveiro_Par\u00f3quia-da-Vera-Cruz.jpg\" alt=\"presepios_familiares_Aveiro_Par\u00f3quia-da-Vera-Cruz\" width=\"900\" height=\"600\" srcset=\"http:\/\/paroquiagloria.org\/v2\/wp-content\/uploads\/2020\/01\/presepios_familiares_Aveiro_Par\u00f3quia-da-Vera-Cruz.jpg 900w, http:\/\/paroquiagloria.org\/v2\/wp-content\/uploads\/2020\/01\/presepios_familiares_Aveiro_Par\u00f3quia-da-Vera-Cruz-300x200.jpg 300w, http:\/\/paroquiagloria.org\/v2\/wp-content\/uploads\/2020\/01\/presepios_familiares_Aveiro_Par\u00f3quia-da-Vera-Cruz-140x94.jpg 140w\" sizes=\"(max-width: 900px) 100vw, 900px\" \/><\/a><\/p>\n<p>&nbsp;<\/p>\n<p>A Par\u00f3quia da Vera-Cruz, tem patente uma exposi\u00e7\u00e3o de pres\u00e9pios feitos pelas fam\u00edlias que pode ser visitado no seu no espa\u00e7o-museu, todos os dias, das 9h \u00e0s 19h, at\u00e9 12 de janeiro de 2020.<br \/>\n\u201cA iniciativa pretende valorizar o encontro da fam\u00edlia, atrav\u00e9s de uma verdadeira catequese pl\u00e1stica na constru\u00e7\u00e3o do pres\u00e9pio e deixando uma mensagem para as outras pessoas e fam\u00edlias da comunidade\u201d.<\/p>\n<p style=\"text-align: right;\">fonte: <a href=\"https:\/\/agencia.ecclesia.pt\/portal\/evento\/aveiro-paroquia-da-vera-cruz-expoe-presepios-feitos-pelas-familias\/?instance_id=2957\" target=\"_blank\">ecclesia<\/a><\/p>\n","protected":false},"excerpt":{"rendered":"<p>&nbsp; A Par\u00f3quia da Vera-Cruz, tem patente uma exposi\u00e7\u00e3o de pres\u00e9pios feitos pelas fam\u00edlias que pode ser visitado no seu no espa\u00e7o-museu, todos os dias, das 9h \u00e0s 19h, at\u00e9 12 de janeiro de 2020. \u201cA iniciativa pretende valorizar o encontro da fam\u00edlia, atrav\u00e9s de uma verdadeira catequese pl\u00e1stica na constru\u00e7\u00e3o do pres\u00e9pio e deixando [&hellip;]<\/p>\n","protected":false},"author":1,"featured_media":8256,"comment_status":"open","ping_status":"closed","sticky":false,"template":"","format":"standard","meta":{"ngg_post_thumbnail":0},"categories":[1,4,2,6],"tags":[],"_links":{"self":[{"href":"http:\/\/paroquiagloria.org\/v2\/index.php?rest_route=\/wp\/v2\/posts\/8264"}],"collection":[{"href":"http:\/\/paroquiagloria.org\/v2\/index.php?rest_route=\/wp\/v2\/posts"}],"about":[{"href":"http:\/\/paroquiagloria.org\/v2\/index.php?rest_route=\/wp\/v2\/types\/post"}],"author":[{"embeddable":true,"href":"http:\/\/paroquiagloria.org\/v2\/index.php?rest_route=\/wp\/v2\/users\/1"}],"replies":[{"embeddable":true,"href":"http:\/\/paroquiagloria.org\/v2\/index.php?rest_route=%2Fwp%2Fv2%2Fcomments&post=8264"}],"version-history":[{"count":1,"href":"http:\/\/paroquiagloria.org\/v2\/index.php?rest_route=\/wp\/v2\/posts\/8264\/revisions"}],"predecessor-version":[{"id":8265,"href":"http:\/\/paroquiagloria.org\/v2\/index.php?rest_route=\/wp\/v2\/posts\/8264\/revisions\/8265"}],"wp:featuredmedia":[{"embeddable":true,"href":"http:\/\/paroquiagloria.org\/v2\/index.php?rest_route=\/wp\/v2\/media\/8256"}],"wp:attachment":[{"href":"http:\/\/paroquiagloria.org\/v2\/index.php?rest_route=%2Fwp%2Fv2%2Fmedia&parent=8264"}],"wp:term":[{"taxonomy":"category","embeddable":true,"href":"http:\/\/paroquiagloria.org\/v2\/index.php?rest_route=%2Fwp%2Fv2%2Fcategories&post=8264"},{"taxonomy":"post_tag","embeddable":true,"href":"http:\/\/paroquiagloria.org\/v2\/index.php?rest_route=%2Fwp%2Fv2%2Ftags&post=8264"}],"curies":[{"name":"wp","href":"https:\/\/api.w.org\/{rel}","templated":true}]}}