{"id":8262,"date":"2020-01-05T10:56:50","date_gmt":"2020-01-05T10:56:50","guid":{"rendered":"http:\/\/paroquiagloria.org\/v2\/?p=8262"},"modified":"2020-01-05T10:56:50","modified_gmt":"2020-01-05T10:56:50","slug":"infancia-missionaria","status":"publish","type":"post","link":"http:\/\/paroquiagloria.org\/v2\/?p=8262","title":{"rendered":"Inf\u00e2ncia Mission\u00e1ria"},"content":{"rendered":"<p><a href=\"http:\/\/paroquiagloria.org\/v2\/wp-content\/uploads\/2020\/01\/infanciamissionaria20.png\"><img loading=\"lazy\" class=\"size-full wp-image-8259 aligncenter\" src=\"http:\/\/paroquiagloria.org\/v2\/wp-content\/uploads\/2020\/01\/infanciamissionaria20.png\" alt=\"infanciamissionaria20\" width=\"600\" height=\"593\" srcset=\"http:\/\/paroquiagloria.org\/v2\/wp-content\/uploads\/2020\/01\/infanciamissionaria20.png 600w, http:\/\/paroquiagloria.org\/v2\/wp-content\/uploads\/2020\/01\/infanciamissionaria20-300x297.png 300w\" sizes=\"(max-width: 600px) 100vw, 600px\" \/><\/a><\/p>\n<p>&nbsp;<\/p>\n<p>Este m\u00eas de janeiro, m\u00eas dedicado de forma especial \u00e0 Inf\u00e2ncia Mission\u00e1ria, que este ano se foca no continente americano, na cor vermelha e no \u201cPartilhar\u201d, queremos, desta forma, partilhar algumas iniciativas:<\/p>\n<p>&#8211; <span style=\"text-decoration: underline;\"><strong>Dia da Inf\u00e2ncia Mission\u00e1ria que se celebra a 5 de janeiro<\/strong><\/span>, com um gui\u00e3o de encontros e um exemplar de um mealheiro de partilha mission\u00e1ria (<a href=\"https:\/\/www.opf.pt\/infancia\/\" target=\"_blank\">https:\/\/www.opf.pt\/infancia\/<\/a> ou podem ser pedidos ao SDAM).<br \/>\nO mealheiro de partilha mission\u00e1ria, este ano, reverter\u00e1 para as seguintes miss\u00f5es: apoio escolar no Brasil, apoio a crian\u00e7as na floresta amaz\u00f3nica no Peru e apoio alimentar a crian\u00e7as na Venezuela. Ap\u00f3s esta recolha, os donativos devem ser entregues ao SDAM para fazer seguir todo o valor para as OMP Portugal.<br \/>\n&#8211; <span style=\"text-decoration: underline;\"><strong>V Jornadas Diocesanas da Inf\u00e2ncia Mission\u00e1ria e as III Jornadas Diocesanas das Fam\u00edlias Mission\u00e1rias, na par\u00f3quia de S\u00e3o Salvador de \u00cdlhavo \u2013 arciprestado de \u00cdlhavo, no dia 25 de janeiro<\/strong><\/span>, das 9h30 \u00e0s 17h com atividades mission\u00e1rias para as crian\u00e7as e suas fam\u00edlias com in\u00edcio no Centro Paroquial e terminando com eucaristia na Igreja Matriz.<\/p>\n","protected":false},"excerpt":{"rendered":"<p>&nbsp; Este m\u00eas de janeiro, m\u00eas dedicado de forma especial \u00e0 Inf\u00e2ncia Mission\u00e1ria, que este ano se foca no continente americano, na cor vermelha e no \u201cPartilhar\u201d, queremos, desta forma, partilhar algumas iniciativas: &#8211; Dia da Inf\u00e2ncia Mission\u00e1ria que se celebra a 5 de janeiro, com um gui\u00e3o de encontros e um exemplar de um [&hellip;]<\/p>\n","protected":false},"author":1,"featured_media":8253,"comment_status":"open","ping_status":"closed","sticky":false,"template":"","format":"standard","meta":{"ngg_post_thumbnail":0},"categories":[1,4,2,6],"tags":[],"_links":{"self":[{"href":"http:\/\/paroquiagloria.org\/v2\/index.php?rest_route=\/wp\/v2\/posts\/8262"}],"collection":[{"href":"http:\/\/paroquiagloria.org\/v2\/index.php?rest_route=\/wp\/v2\/posts"}],"about":[{"href":"http:\/\/paroquiagloria.org\/v2\/index.php?rest_route=\/wp\/v2\/types\/post"}],"author":[{"embeddable":true,"href":"http:\/\/paroquiagloria.org\/v2\/index.php?rest_route=\/wp\/v2\/users\/1"}],"replies":[{"embeddable":true,"href":"http:\/\/paroquiagloria.org\/v2\/index.php?rest_route=%2Fwp%2Fv2%2Fcomments&post=8262"}],"version-history":[{"count":1,"href":"http:\/\/paroquiagloria.org\/v2\/index.php?rest_route=\/wp\/v2\/posts\/8262\/revisions"}],"predecessor-version":[{"id":8263,"href":"http:\/\/paroquiagloria.org\/v2\/index.php?rest_route=\/wp\/v2\/posts\/8262\/revisions\/8263"}],"wp:featuredmedia":[{"embeddable":true,"href":"http:\/\/paroquiagloria.org\/v2\/index.php?rest_route=\/wp\/v2\/media\/8253"}],"wp:attachment":[{"href":"http:\/\/paroquiagloria.org\/v2\/index.php?rest_route=%2Fwp%2Fv2%2Fmedia&parent=8262"}],"wp:term":[{"taxonomy":"category","embeddable":true,"href":"http:\/\/paroquiagloria.org\/v2\/index.php?rest_route=%2Fwp%2Fv2%2Fcategories&post=8262"},{"taxonomy":"post_tag","embeddable":true,"href":"http:\/\/paroquiagloria.org\/v2\/index.php?rest_route=%2Fwp%2Fv2%2Ftags&post=8262"}],"curies":[{"name":"wp","href":"https:\/\/api.w.org\/{rel}","templated":true}]}}