{"id":8252,"date":"2020-01-05T10:55:31","date_gmt":"2020-01-05T10:55:31","guid":{"rendered":"http:\/\/paroquiagloria.org\/v2\/?p=8252"},"modified":"2020-01-05T10:55:31","modified_gmt":"2020-01-05T10:55:31","slug":"jornada-mundial-da-juventude","status":"publish","type":"post","link":"http:\/\/paroquiagloria.org\/v2\/?p=8252","title":{"rendered":"Jornada Mundial da Juventude"},"content":{"rendered":"<p><a href=\"http:\/\/paroquiagloria.org\/v2\/wp-content\/uploads\/2020\/01\/entrega-simbolos-Roma.jpg\"><img loading=\"lazy\" class=\"size-full wp-image-8257 aligncenter\" src=\"http:\/\/paroquiagloria.org\/v2\/wp-content\/uploads\/2020\/01\/entrega-simbolos-Roma.jpg\" alt=\"entrega-simbolos-Roma\" width=\"390\" height=\"260\" srcset=\"http:\/\/paroquiagloria.org\/v2\/wp-content\/uploads\/2020\/01\/entrega-simbolos-Roma.jpg 390w, http:\/\/paroquiagloria.org\/v2\/wp-content\/uploads\/2020\/01\/entrega-simbolos-Roma-300x200.jpg 300w, http:\/\/paroquiagloria.org\/v2\/wp-content\/uploads\/2020\/01\/entrega-simbolos-Roma-140x94.jpg 140w\" sizes=\"(max-width: 390px) 100vw, 390px\" \/><\/a><\/p>\n<p>&nbsp;<\/p>\n<p>O Comit\u00e9 Organizador do Local da Jornada Mundial da Juventude (JMJ) em Portugal vai promover uma peregrina\u00e7\u00e3o de jovens a Roma para acolher os s\u00edmbolos da JMJ no dia 5 de abril de 2020, Domingo de Ramos.<br \/>\nA Cruz e \u00cdcone de Nossa Senhora \u2018Salus Populi Romani\u2019 v\u00e3o permanecer em Lisboa durante a Semana Santa do pr\u00f3ximo ano, iniciando depois uma peregrina\u00e7\u00e3o por dioceses de fora de Portugal, onde regressam em novembro permanecer em todas as dioceses portuguesas at\u00e9 junho de 2022.<br \/>\nAs informa\u00e7\u00f5es sobre a peregrina\u00e7\u00e3o a Roma para acolher os s\u00edmbolos da JMJ, o programa, as condi\u00e7\u00f5es da viagem e do alojamento v\u00e3o estar dispon\u00edveis em www.jmjlisboa2022.org.<\/p>\n<p style=\"text-align: right;\">fonte: <a href=\"https:\/\/agencia.ecclesia.pt\/portal\/evento\/pastoral-juvenil-jovens-portugueses-peregrinam-a-roma-para-receber-os-simbolos-da-jmj\/\" target=\"_blank\">ecclesia<\/a><\/p>\n","protected":false},"excerpt":{"rendered":"<p>&nbsp; O Comit\u00e9 Organizador do Local da Jornada Mundial da Juventude (JMJ) em Portugal vai promover uma peregrina\u00e7\u00e3o de jovens a Roma para acolher os s\u00edmbolos da JMJ no dia 5 de abril de 2020, Domingo de Ramos. A Cruz e \u00cdcone de Nossa Senhora \u2018Salus Populi Romani\u2019 v\u00e3o permanecer em Lisboa durante a Semana [&hellip;]<\/p>\n","protected":false},"author":1,"featured_media":8254,"comment_status":"open","ping_status":"closed","sticky":false,"template":"","format":"standard","meta":{"ngg_post_thumbnail":0},"categories":[1,4,2,6],"tags":[],"_links":{"self":[{"href":"http:\/\/paroquiagloria.org\/v2\/index.php?rest_route=\/wp\/v2\/posts\/8252"}],"collection":[{"href":"http:\/\/paroquiagloria.org\/v2\/index.php?rest_route=\/wp\/v2\/posts"}],"about":[{"href":"http:\/\/paroquiagloria.org\/v2\/index.php?rest_route=\/wp\/v2\/types\/post"}],"author":[{"embeddable":true,"href":"http:\/\/paroquiagloria.org\/v2\/index.php?rest_route=\/wp\/v2\/users\/1"}],"replies":[{"embeddable":true,"href":"http:\/\/paroquiagloria.org\/v2\/index.php?rest_route=%2Fwp%2Fv2%2Fcomments&post=8252"}],"version-history":[{"count":1,"href":"http:\/\/paroquiagloria.org\/v2\/index.php?rest_route=\/wp\/v2\/posts\/8252\/revisions"}],"predecessor-version":[{"id":8261,"href":"http:\/\/paroquiagloria.org\/v2\/index.php?rest_route=\/wp\/v2\/posts\/8252\/revisions\/8261"}],"wp:featuredmedia":[{"embeddable":true,"href":"http:\/\/paroquiagloria.org\/v2\/index.php?rest_route=\/wp\/v2\/media\/8254"}],"wp:attachment":[{"href":"http:\/\/paroquiagloria.org\/v2\/index.php?rest_route=%2Fwp%2Fv2%2Fmedia&parent=8252"}],"wp:term":[{"taxonomy":"category","embeddable":true,"href":"http:\/\/paroquiagloria.org\/v2\/index.php?rest_route=%2Fwp%2Fv2%2Fcategories&post=8252"},{"taxonomy":"post_tag","embeddable":true,"href":"http:\/\/paroquiagloria.org\/v2\/index.php?rest_route=%2Fwp%2Fv2%2Ftags&post=8252"}],"curies":[{"name":"wp","href":"https:\/\/api.w.org\/{rel}","templated":true}]}}