{"id":8248,"date":"2020-01-05T10:46:00","date_gmt":"2020-01-05T10:46:00","guid":{"rendered":"http:\/\/paroquiagloria.org\/v2\/?p=8248"},"modified":"2020-01-05T10:46:00","modified_gmt":"2020-01-05T10:46:00","slug":"ecumenismo","status":"publish","type":"post","link":"http:\/\/paroquiagloria.org\/v2\/?p=8248","title":{"rendered":"Ecumenismo"},"content":{"rendered":"<p><a href=\"http:\/\/paroquiagloria.org\/v2\/wp-content\/uploads\/2020\/01\/2015-04-20a1-1280x720.jpg\"><img loading=\"lazy\" class=\"size-large wp-image-8249 aligncenter\" src=\"http:\/\/paroquiagloria.org\/v2\/wp-content\/uploads\/2020\/01\/2015-04-20a1-1280x720-1024x576.jpg\" alt=\"2015-04-20a1-1280x720\" width=\"1024\" height=\"576\" srcset=\"http:\/\/paroquiagloria.org\/v2\/wp-content\/uploads\/2020\/01\/2015-04-20a1-1280x720-1024x576.jpg 1024w, http:\/\/paroquiagloria.org\/v2\/wp-content\/uploads\/2020\/01\/2015-04-20a1-1280x720-300x169.jpg 300w, http:\/\/paroquiagloria.org\/v2\/wp-content\/uploads\/2020\/01\/2015-04-20a1-1280x720.jpg 1280w\" sizes=\"(max-width: 1024px) 100vw, 1024px\" \/><\/a><\/p>\n<p>&nbsp;<\/p>\n<p>A semana anual de ora\u00e7\u00e3o pela unidade dos crist\u00e3os, que une milh\u00f5es de pessoas de v\u00e1rias Igrejas, entre 18 e 25 de janeiro, vai recordar em 2020 os migrantes e refugiados que s\u00e3o v\u00edtimas de naufr\u00e1gios no Mediterr\u00e2neo.<br \/>\nA passagem b\u00edblica escolhida para 2020 foi tirada do livro dos Atos dos Ap\u00f3stolos (27,18-28,10), narrando o naufr\u00e1gio de S\u00e3o Paulo a caminho de Roma, com o tema \u201cDemonstraram-nos uma benevol\u00eancia fora do comum\u201d.<\/p>\n<p style=\"text-align: right;\">fonte: <a href=\"https:\/\/agencia.ecclesia.pt\/portal\/ecumenismo-semana-de-oracao-vai-evocar-mortes-no-mediterraneo\/\" target=\"_blank\">ecclesia<\/a><\/p>\n","protected":false},"excerpt":{"rendered":"<p>&nbsp; A semana anual de ora\u00e7\u00e3o pela unidade dos crist\u00e3os, que une milh\u00f5es de pessoas de v\u00e1rias Igrejas, entre 18 e 25 de janeiro, vai recordar em 2020 os migrantes e refugiados que s\u00e3o v\u00edtimas de naufr\u00e1gios no Mediterr\u00e2neo. A passagem b\u00edblica escolhida para 2020 foi tirada do livro dos Atos dos Ap\u00f3stolos (27,18-28,10), narrando [&hellip;]<\/p>\n","protected":false},"author":1,"featured_media":8250,"comment_status":"open","ping_status":"closed","sticky":false,"template":"","format":"standard","meta":{"ngg_post_thumbnail":0},"categories":[1,4,2,6],"tags":[],"_links":{"self":[{"href":"http:\/\/paroquiagloria.org\/v2\/index.php?rest_route=\/wp\/v2\/posts\/8248"}],"collection":[{"href":"http:\/\/paroquiagloria.org\/v2\/index.php?rest_route=\/wp\/v2\/posts"}],"about":[{"href":"http:\/\/paroquiagloria.org\/v2\/index.php?rest_route=\/wp\/v2\/types\/post"}],"author":[{"embeddable":true,"href":"http:\/\/paroquiagloria.org\/v2\/index.php?rest_route=\/wp\/v2\/users\/1"}],"replies":[{"embeddable":true,"href":"http:\/\/paroquiagloria.org\/v2\/index.php?rest_route=%2Fwp%2Fv2%2Fcomments&post=8248"}],"version-history":[{"count":1,"href":"http:\/\/paroquiagloria.org\/v2\/index.php?rest_route=\/wp\/v2\/posts\/8248\/revisions"}],"predecessor-version":[{"id":8251,"href":"http:\/\/paroquiagloria.org\/v2\/index.php?rest_route=\/wp\/v2\/posts\/8248\/revisions\/8251"}],"wp:featuredmedia":[{"embeddable":true,"href":"http:\/\/paroquiagloria.org\/v2\/index.php?rest_route=\/wp\/v2\/media\/8250"}],"wp:attachment":[{"href":"http:\/\/paroquiagloria.org\/v2\/index.php?rest_route=%2Fwp%2Fv2%2Fmedia&parent=8248"}],"wp:term":[{"taxonomy":"category","embeddable":true,"href":"http:\/\/paroquiagloria.org\/v2\/index.php?rest_route=%2Fwp%2Fv2%2Fcategories&post=8248"},{"taxonomy":"post_tag","embeddable":true,"href":"http:\/\/paroquiagloria.org\/v2\/index.php?rest_route=%2Fwp%2Fv2%2Ftags&post=8248"}],"curies":[{"name":"wp","href":"https:\/\/api.w.org\/{rel}","templated":true}]}}