{"id":8232,"date":"2019-12-28T19:10:41","date_gmt":"2019-12-28T19:10:41","guid":{"rendered":"http:\/\/paroquiagloria.org\/v2\/?p=8232"},"modified":"2019-12-28T19:10:41","modified_gmt":"2019-12-28T19:10:41","slug":"canto-das-janeiras","status":"publish","type":"post","link":"http:\/\/paroquiagloria.org\/v2\/?p=8232","title":{"rendered":"&#8220;Canto das Janeiras&#8221;"},"content":{"rendered":"<p style=\"text-align: center;\"><a href=\"http:\/\/paroquiagloria.org\/v2\/wp-content\/uploads\/2019\/12\/reismagos.png\"><img loading=\"lazy\" class=\"size-full wp-image-8237 aligncenter\" src=\"http:\/\/paroquiagloria.org\/v2\/wp-content\/uploads\/2019\/12\/reismagos.png\" alt=\"reismagos\" width=\"800\" height=\"510\" srcset=\"http:\/\/paroquiagloria.org\/v2\/wp-content\/uploads\/2019\/12\/reismagos.png 800w, http:\/\/paroquiagloria.org\/v2\/wp-content\/uploads\/2019\/12\/reismagos-300x191.png 300w\" sizes=\"(max-width: 800px) 100vw, 800px\" \/><\/a><\/p>\n<p style=\"text-align: center;\">Mais uma vez vamos cantar as Janeiras na nossa Par\u00f3quia.<br \/>\n\u00c9 a alegria que nos vem do an\u00fancio do anjo, confirmado na gruta de Bel\u00e9m, que nos faz ir para a rua, quer chova quer fa\u00e7a vento, cantar os reis&#8230; e anunciar a alegria do Natal, de 2 a 5 de janeiro.<br \/>\nJunta-te a n\u00f3s. S\u00f3 \u00e9 preciso trazer o cora\u00e7\u00e3o bem disposto e com alegria para partilhar, e se houver \u00e0 m\u00e3o um bombo, uns ferrinhos, uma pandeireta&#8230; tanto melhor!<br \/>\nPara que tudo corra bem h\u00e1 um ensaio no centro paroquial, segunda-feira, \u00e0s 21h. Aparece.<\/p>\n","protected":false},"excerpt":{"rendered":"<p>Mais uma vez vamos cantar as Janeiras na nossa Par\u00f3quia. \u00c9 a alegria que nos vem do an\u00fancio do anjo, confirmado na gruta de Bel\u00e9m, que nos faz ir para a rua, quer chova quer fa\u00e7a vento, cantar os reis&#8230; e anunciar a alegria do Natal, de 2 a 5 de janeiro. Junta-te a n\u00f3s. [&hellip;]<\/p>\n","protected":false},"author":1,"featured_media":8233,"comment_status":"open","ping_status":"closed","sticky":false,"template":"","format":"standard","meta":{"ngg_post_thumbnail":0},"categories":[1,4,2,6,22],"tags":[],"_links":{"self":[{"href":"http:\/\/paroquiagloria.org\/v2\/index.php?rest_route=\/wp\/v2\/posts\/8232"}],"collection":[{"href":"http:\/\/paroquiagloria.org\/v2\/index.php?rest_route=\/wp\/v2\/posts"}],"about":[{"href":"http:\/\/paroquiagloria.org\/v2\/index.php?rest_route=\/wp\/v2\/types\/post"}],"author":[{"embeddable":true,"href":"http:\/\/paroquiagloria.org\/v2\/index.php?rest_route=\/wp\/v2\/users\/1"}],"replies":[{"embeddable":true,"href":"http:\/\/paroquiagloria.org\/v2\/index.php?rest_route=%2Fwp%2Fv2%2Fcomments&post=8232"}],"version-history":[{"count":1,"href":"http:\/\/paroquiagloria.org\/v2\/index.php?rest_route=\/wp\/v2\/posts\/8232\/revisions"}],"predecessor-version":[{"id":8239,"href":"http:\/\/paroquiagloria.org\/v2\/index.php?rest_route=\/wp\/v2\/posts\/8232\/revisions\/8239"}],"wp:featuredmedia":[{"embeddable":true,"href":"http:\/\/paroquiagloria.org\/v2\/index.php?rest_route=\/wp\/v2\/media\/8233"}],"wp:attachment":[{"href":"http:\/\/paroquiagloria.org\/v2\/index.php?rest_route=%2Fwp%2Fv2%2Fmedia&parent=8232"}],"wp:term":[{"taxonomy":"category","embeddable":true,"href":"http:\/\/paroquiagloria.org\/v2\/index.php?rest_route=%2Fwp%2Fv2%2Fcategories&post=8232"},{"taxonomy":"post_tag","embeddable":true,"href":"http:\/\/paroquiagloria.org\/v2\/index.php?rest_route=%2Fwp%2Fv2%2Ftags&post=8232"}],"curies":[{"name":"wp","href":"https:\/\/api.w.org\/{rel}","templated":true}]}}