{"id":8230,"date":"2019-12-28T19:03:14","date_gmt":"2019-12-28T19:03:14","guid":{"rendered":"http:\/\/paroquiagloria.org\/v2\/?p=8230"},"modified":"2019-12-28T19:03:14","modified_gmt":"2019-12-28T19:03:14","slug":"dia-mundial-da-paz-2020","status":"publish","type":"post","link":"http:\/\/paroquiagloria.org\/v2\/?p=8230","title":{"rendered":"Dia Mundial da Paz 2020"},"content":{"rendered":"<p><strong>\u00abA PAZ COMO CAMINHO DE ESPERAN\u00c7A: DI\u00c1LOGO, RECONCILIA\u00c7\u00c3O E CONVERS\u00c3O ECOL\u00d3GICA\u00bb<\/strong><\/p>\n<p><a href=\"http:\/\/paroquiagloria.org\/v2\/wp-content\/uploads\/2013\/12\/papafrancisco_paz.jpg\"><img loading=\"lazy\" class=\"size-full wp-image-1838 aligncenter\" src=\"http:\/\/paroquiagloria.org\/v2\/wp-content\/uploads\/2013\/12\/papafrancisco_paz.jpg\" alt=\"papafrancisco_paz\" width=\"700\" height=\"357\" srcset=\"http:\/\/paroquiagloria.org\/v2\/wp-content\/uploads\/2013\/12\/papafrancisco_paz.jpg 700w, http:\/\/paroquiagloria.org\/v2\/wp-content\/uploads\/2013\/12\/papafrancisco_paz-300x153.jpg 300w\" sizes=\"(max-width: 700px) 100vw, 700px\" \/><\/a><\/p>\n<p style=\"text-align: justify;\">Na mensagem para este Dia, no pr\u00f3ximo 1 de janeiro, come\u00e7a por afirmar que \u201ca paz \u00e9 um bem precioso, objecto da nossa esperan\u00e7a; por ela aspira toda a humanidade.\u201d<br \/>\nSabemos que por muitos s\u00edtios do mundo ainda n\u00e3o existe a paz, ainda n\u00e3o h\u00e1 liberdade cultural, social ou mesmo religiosa. Muitas pessoas est\u00e3o privadas da sua dignidade, da integridade f\u00edsica, da sua liberdade e de sonhar com um futuro diferente por estarem no meio de conflitos e confrontos dos quais n\u00e3o t\u00eam forma de sair, e que muitas vezes em viol\u00eancia.<br \/>\nO Papa Francisco recorda ainda que com frequ\u00eancia \u201ca guerra come\u00e7a pelo facto de n\u00e3o se suportar a diversidade do outro, que fomenta o desejo de posse e a vontade de dom\u00ednio. Nasce, no cora\u00e7\u00e3o do homem, a partir do ego\u00edsmo e do orgulho, do \u00f3dio que induz a destruir, a dar uma imagem negativa do outro, a exclu\u00ed-lo e cancel\u00e1-lo.\u201d<br \/>\nNo nosso meio pode n\u00e3o chegar a estes extremos de guerra, mas o n\u00e3o reconhecer no outro algu\u00e9m diferente, leva a que n\u00e3o o acolha n\u00e3o o receba com tudo o que tem de bom e de enriquecedor, pois \u201ca paz alcan\u00e7a-se no mais fundo do cora\u00e7\u00e3o humano\u201d. Come\u00e7a no cora\u00e7\u00e3o de cada um, pela escuta e no di\u00e1logo, como combate \u00e0s resist\u00eancias que criamos em rela\u00e7\u00e3o ao nosso pr\u00f3ximo, que se concretiza numa forma de vida que seja testemunho da viv\u00eancia crist\u00e3.<br \/>\nNa mensagem para este Dia, o Papa recorda ainda que a paz \u00e9 um caminho de convers\u00e3o ecol\u00f3gica motivado pela \u201cescuta e contempla\u00e7\u00e3o do mundo que nos foi dado por Deus\u201d, num percurso que requer paci\u00eancia e confian\u00e7a.<\/p>\n<p>&nbsp;<\/p>\n<p>consulte <a href=\"http:\/\/www.vatican.va\/content\/francesco\/pt\/messages\/peace\/documents\/papa-francesco_20191208_messaggio-53giornatamondiale-pace2020.html\" target=\"_blank\">aqui<\/a> a mensagem integral<\/p>\n","protected":false},"excerpt":{"rendered":"<p>\u00abA PAZ COMO CAMINHO DE ESPERAN\u00c7A: DI\u00c1LOGO, RECONCILIA\u00c7\u00c3O E CONVERS\u00c3O ECOL\u00d3GICA\u00bb Na mensagem para este Dia, no pr\u00f3ximo 1 de janeiro, come\u00e7a por afirmar que \u201ca paz \u00e9 um bem precioso, objecto da nossa esperan\u00e7a; por ela aspira toda a humanidade.\u201d Sabemos que por muitos s\u00edtios do mundo ainda n\u00e3o existe a paz, ainda n\u00e3o [&hellip;]<\/p>\n","protected":false},"author":1,"featured_media":5071,"comment_status":"open","ping_status":"closed","sticky":false,"template":"","format":"standard","meta":{"ngg_post_thumbnail":0},"categories":[1,4,2,6],"tags":[],"_links":{"self":[{"href":"http:\/\/paroquiagloria.org\/v2\/index.php?rest_route=\/wp\/v2\/posts\/8230"}],"collection":[{"href":"http:\/\/paroquiagloria.org\/v2\/index.php?rest_route=\/wp\/v2\/posts"}],"about":[{"href":"http:\/\/paroquiagloria.org\/v2\/index.php?rest_route=\/wp\/v2\/types\/post"}],"author":[{"embeddable":true,"href":"http:\/\/paroquiagloria.org\/v2\/index.php?rest_route=\/wp\/v2\/users\/1"}],"replies":[{"embeddable":true,"href":"http:\/\/paroquiagloria.org\/v2\/index.php?rest_route=%2Fwp%2Fv2%2Fcomments&post=8230"}],"version-history":[{"count":1,"href":"http:\/\/paroquiagloria.org\/v2\/index.php?rest_route=\/wp\/v2\/posts\/8230\/revisions"}],"predecessor-version":[{"id":8231,"href":"http:\/\/paroquiagloria.org\/v2\/index.php?rest_route=\/wp\/v2\/posts\/8230\/revisions\/8231"}],"wp:featuredmedia":[{"embeddable":true,"href":"http:\/\/paroquiagloria.org\/v2\/index.php?rest_route=\/wp\/v2\/media\/5071"}],"wp:attachment":[{"href":"http:\/\/paroquiagloria.org\/v2\/index.php?rest_route=%2Fwp%2Fv2%2Fmedia&parent=8230"}],"wp:term":[{"taxonomy":"category","embeddable":true,"href":"http:\/\/paroquiagloria.org\/v2\/index.php?rest_route=%2Fwp%2Fv2%2Fcategories&post=8230"},{"taxonomy":"post_tag","embeddable":true,"href":"http:\/\/paroquiagloria.org\/v2\/index.php?rest_route=%2Fwp%2Fv2%2Ftags&post=8230"}],"curies":[{"name":"wp","href":"https:\/\/api.w.org\/{rel}","templated":true}]}}