{"id":8224,"date":"2019-12-21T19:53:08","date_gmt":"2019-12-21T19:53:08","guid":{"rendered":"http:\/\/paroquiagloria.org\/v2\/?p=8224"},"modified":"2019-12-21T19:53:08","modified_gmt":"2019-12-21T19:53:08","slug":"para-termos-natal","status":"publish","type":"post","link":"http:\/\/paroquiagloria.org\/v2\/?p=8224","title":{"rendered":"Para termos Natal&#8230;"},"content":{"rendered":"<p><a href=\"http:\/\/paroquiagloria.org\/v2\/wp-content\/uploads\/2019\/12\/4da_A.jpg\"><img loading=\"lazy\" class=\"size-full wp-image-8217 aligncenter\" src=\"http:\/\/paroquiagloria.org\/v2\/wp-content\/uploads\/2019\/12\/4da_A.jpg\" alt=\"4da_A\" width=\"745\" height=\"916\" srcset=\"http:\/\/paroquiagloria.org\/v2\/wp-content\/uploads\/2019\/12\/4da_A.jpg 745w, http:\/\/paroquiagloria.org\/v2\/wp-content\/uploads\/2019\/12\/4da_A-244x300.jpg 244w\" sizes=\"(max-width: 745px) 100vw, 745px\" \/><\/a><\/p>\n<p>Com o Natal \u00e0 porta, aumenta o ritmo de vida e parece n\u00e3o haver tempo para nada.<br \/>\nN\u00e3o deixemos, por\u00e9m, que as ilumina\u00e7\u00f5es, h\u00e1 muito acesas nas montras, ruas e pra\u00e7as, ofusquem a estrela que levou os Magos a Bel\u00e9m.<br \/>\nN\u00e3o deixemos que a correria \u00e0s lojas e supermercados tire o tempo \u00e0 prepara\u00e7\u00e3o do cora\u00e7\u00e3o para acolhermos o Deus &#8211; Menino.<br \/>\nN\u00e3o deixemos que a Noite Santa de Natal seja profanada pela expectativa das prendas e pelo af\u00e3 no seu desembrulho, esquecendo quem as n\u00e3o tem e vive s\u00f3.<br \/>\nN\u00e3o esque\u00e7amos Deus na refei\u00e7\u00e3o de consoada&#8230;<br \/>\nO Natal \u00e9 e ser\u00e1 sempre Mist\u00e9rio de Novidade, Poesia e Encanto, porque Deus se fez homem e entrou na nossa hist\u00f3ria&#8230;<br \/>\nBem-aventurados os que se alegram e n\u00e3o se escandalizam com a debilidade de Deus, que no Natal revela o Seu Amor inesgot\u00e1vel por cada um e por toda a humanidade.<br \/>\nQue seria de n\u00f3s, sem o Natal?<br \/>\nUm Santo Natal e muito Boas Festas deseja a todos os Paroquianos a Equipa Sacerdotal.<\/p>\n<p style=\"text-align: right;\">\nP. Fausto<\/p>\n<p style=\"text-align: right;\"><em>in<\/em> Di\u00e1logo 1680 (IV Domingo de Advento &#8211; Ano A)<\/p>\n","protected":false},"excerpt":{"rendered":"<p>Com o Natal \u00e0 porta, aumenta o ritmo de vida e parece n\u00e3o haver tempo para nada. N\u00e3o deixemos, por\u00e9m, que as ilumina\u00e7\u00f5es, h\u00e1 muito acesas nas montras, ruas e pra\u00e7as, ofusquem a estrela que levou os Magos a Bel\u00e9m. N\u00e3o deixemos que a correria \u00e0s lojas e supermercados tire o tempo \u00e0 prepara\u00e7\u00e3o do [&hellip;]<\/p>\n","protected":false},"author":1,"featured_media":8219,"comment_status":"open","ping_status":"closed","sticky":false,"template":"","format":"standard","meta":{"ngg_post_thumbnail":0},"categories":[1,4,2,6,17],"tags":[],"_links":{"self":[{"href":"http:\/\/paroquiagloria.org\/v2\/index.php?rest_route=\/wp\/v2\/posts\/8224"}],"collection":[{"href":"http:\/\/paroquiagloria.org\/v2\/index.php?rest_route=\/wp\/v2\/posts"}],"about":[{"href":"http:\/\/paroquiagloria.org\/v2\/index.php?rest_route=\/wp\/v2\/types\/post"}],"author":[{"embeddable":true,"href":"http:\/\/paroquiagloria.org\/v2\/index.php?rest_route=\/wp\/v2\/users\/1"}],"replies":[{"embeddable":true,"href":"http:\/\/paroquiagloria.org\/v2\/index.php?rest_route=%2Fwp%2Fv2%2Fcomments&post=8224"}],"version-history":[{"count":1,"href":"http:\/\/paroquiagloria.org\/v2\/index.php?rest_route=\/wp\/v2\/posts\/8224\/revisions"}],"predecessor-version":[{"id":8225,"href":"http:\/\/paroquiagloria.org\/v2\/index.php?rest_route=\/wp\/v2\/posts\/8224\/revisions\/8225"}],"wp:featuredmedia":[{"embeddable":true,"href":"http:\/\/paroquiagloria.org\/v2\/index.php?rest_route=\/wp\/v2\/media\/8219"}],"wp:attachment":[{"href":"http:\/\/paroquiagloria.org\/v2\/index.php?rest_route=%2Fwp%2Fv2%2Fmedia&parent=8224"}],"wp:term":[{"taxonomy":"category","embeddable":true,"href":"http:\/\/paroquiagloria.org\/v2\/index.php?rest_route=%2Fwp%2Fv2%2Fcategories&post=8224"},{"taxonomy":"post_tag","embeddable":true,"href":"http:\/\/paroquiagloria.org\/v2\/index.php?rest_route=%2Fwp%2Fv2%2Ftags&post=8224"}],"curies":[{"name":"wp","href":"https:\/\/api.w.org\/{rel}","templated":true}]}}