{"id":8222,"date":"2019-12-21T19:51:24","date_gmt":"2019-12-21T19:51:24","guid":{"rendered":"http:\/\/paroquiagloria.org\/v2\/?p=8222"},"modified":"2019-12-21T19:54:10","modified_gmt":"2019-12-21T19:54:10","slug":"cantinho-da-familia-4","status":"publish","type":"post","link":"http:\/\/paroquiagloria.org\/v2\/?p=8222","title":{"rendered":"\u201cCANTINHO DA FAM\u00cdLIA\u201d &#8211; 4"},"content":{"rendered":"<p><a href=\"http:\/\/paroquiagloria.org\/v2\/wp-content\/uploads\/2019\/12\/terapia-familiar_-1030x579.jpg\"><img loading=\"lazy\" class=\"size-large wp-image-8184 aligncenter\" src=\"http:\/\/paroquiagloria.org\/v2\/wp-content\/uploads\/2019\/12\/terapia-familiar_-1030x579-1024x576.jpg\" alt=\"terapia-familiar_-1030x579\" width=\"1024\" height=\"576\" srcset=\"http:\/\/paroquiagloria.org\/v2\/wp-content\/uploads\/2019\/12\/terapia-familiar_-1030x579-1024x576.jpg 1024w, http:\/\/paroquiagloria.org\/v2\/wp-content\/uploads\/2019\/12\/terapia-familiar_-1030x579-300x169.jpg 300w, http:\/\/paroquiagloria.org\/v2\/wp-content\/uploads\/2019\/12\/terapia-familiar_-1030x579.jpg 1030w\" sizes=\"(max-width: 1024px) 100vw, 1024px\" \/><\/a><\/p>\n<p>&nbsp;<\/p>\n<h3><em><strong>&#8221; O amor que se torna fecundo&#8221;<\/strong><\/em><\/h3>\n<p>&#8220;A fam\u00edlia \u00e9 o \u00e2mbito n\u00e3o s\u00f3 da gera\u00e7\u00e3o mas tamb\u00e9m do acolhimento da vida que chega como um presente de Deus. Cada vida nova permite-nos descobrir a dimens\u00e3o mais gratuita do amor, que nunca cessa de nos surpreender. \u00c9 a beleza de ser amado primeiro: os filhos s\u00e3o amados antes de chegar&#8230;.<br \/>\nO dom de um novo filho, que o Senhor confia ao pai e \u00e0 m\u00e3e, tem in\u00edcio com o seu acolhimento, continua com a sua guarda ao longo da vida terrena e tem como destino final a alegria da vida eterna &#8230; o que torna os pais ainda mais conscientes do precioso dom que lhes foi confiado; de facto, Deus concede-<br \/>\n-lhes fazer a escolha do nome com que Ele chamar\u00e1 cada um dos seus filhos por toda a eternidade. &#8220;(Segunda Exorta\u00e7\u00e3o Apost\u00f3lica do Papa Francisco, &#8220;Amoris laetitia&#8221;, n\u00b0 166).<\/p>\n<p>&nbsp;<\/p>\n\r\n\t\t\t<div class='et-tabs-container et_sliderfx_fade et_sliderauto_false et_sliderauto_speed_5000 et_slidertype_top_tabs'>\r\n\t\t\t\t<ul class='et-tabs-control'>\r\n\t\t\t<li><a href='#'>\r\n\t\t\t\r\n\t\t<\/a><\/li>\r\n\t\t<\/ul> <!-- .et-tabs-control --> \r\n\t\t<div class='et-tabs-content'>\r\n\t\t\t<div class='et-tabs-content-wrapper'>\r\n\t\t\t\t<div class='et_slidecontent'>\r\n\t\t\t<span style=\"color: #ff0000;\"><strong>Ora\u00e7\u00e3o de Ben\u00e7\u00e3o para a mesa durante a semana:<\/strong><\/span> Aben\u00e7oa, Senhor, os que estamos reunidos \u00e0 volta desta mesa Para tomar o p\u00e3o que nos deste. Aben\u00e7oa as nossas fam\u00edlias e a nossa uni\u00e3o tamb\u00e9m . Pedimos-Te por todas as fam\u00edlias, Para que tenham alimentos \u00e0 sua mesa e amor no cora\u00e7\u00e3o. Gl\u00f3ria ao Pai, ao Filho e ao Esp\u00edrito Santo Como era no princ\u00edpio, agora e sempre. Am\u00e9m.\r\n\t\t<\/div>\r\n\t\t\t<\/div>\r\n\t\t<\/div>\r\n\t\t\t<\/div> <!-- .et-tabs-container -->\n<p>&nbsp;<\/p>\n<p><strong>Domingo, 22 :<\/strong> Ben\u00e7\u00e3o das Gr\u00e1vidas nas Missas das 10h30 e 12h00.<br \/>\n<strong>Domingo, 29 :<\/strong> Festa da Sagrada Fam\u00edlia de Jesus, Maria e Jos\u00e9, com Ben\u00e7\u00e3o das fam\u00edlias presentes nas Eucaristias<\/p>\n","protected":false},"excerpt":{"rendered":"<p>&nbsp; &#8221; O amor que se torna fecundo&#8221; &#8220;A fam\u00edlia \u00e9 o \u00e2mbito n\u00e3o s\u00f3 da gera\u00e7\u00e3o mas tamb\u00e9m do acolhimento da vida que chega como um presente de Deus. Cada vida nova permite-nos descobrir a dimens\u00e3o mais gratuita do amor, que nunca cessa de nos surpreender. \u00c9 a beleza de ser amado primeiro: os [&hellip;]<\/p>\n","protected":false},"author":1,"featured_media":8193,"comment_status":"open","ping_status":"closed","sticky":false,"template":"","format":"standard","meta":{"ngg_post_thumbnail":0},"categories":[1,4,2,6,22],"tags":[],"_links":{"self":[{"href":"http:\/\/paroquiagloria.org\/v2\/index.php?rest_route=\/wp\/v2\/posts\/8222"}],"collection":[{"href":"http:\/\/paroquiagloria.org\/v2\/index.php?rest_route=\/wp\/v2\/posts"}],"about":[{"href":"http:\/\/paroquiagloria.org\/v2\/index.php?rest_route=\/wp\/v2\/types\/post"}],"author":[{"embeddable":true,"href":"http:\/\/paroquiagloria.org\/v2\/index.php?rest_route=\/wp\/v2\/users\/1"}],"replies":[{"embeddable":true,"href":"http:\/\/paroquiagloria.org\/v2\/index.php?rest_route=%2Fwp%2Fv2%2Fcomments&post=8222"}],"version-history":[{"count":2,"href":"http:\/\/paroquiagloria.org\/v2\/index.php?rest_route=\/wp\/v2\/posts\/8222\/revisions"}],"predecessor-version":[{"id":8226,"href":"http:\/\/paroquiagloria.org\/v2\/index.php?rest_route=\/wp\/v2\/posts\/8222\/revisions\/8226"}],"wp:featuredmedia":[{"embeddable":true,"href":"http:\/\/paroquiagloria.org\/v2\/index.php?rest_route=\/wp\/v2\/media\/8193"}],"wp:attachment":[{"href":"http:\/\/paroquiagloria.org\/v2\/index.php?rest_route=%2Fwp%2Fv2%2Fmedia&parent=8222"}],"wp:term":[{"taxonomy":"category","embeddable":true,"href":"http:\/\/paroquiagloria.org\/v2\/index.php?rest_route=%2Fwp%2Fv2%2Fcategories&post=8222"},{"taxonomy":"post_tag","embeddable":true,"href":"http:\/\/paroquiagloria.org\/v2\/index.php?rest_route=%2Fwp%2Fv2%2Ftags&post=8222"}],"curies":[{"name":"wp","href":"https:\/\/api.w.org\/{rel}","templated":true}]}}