{"id":8216,"date":"2019-12-21T19:49:02","date_gmt":"2019-12-21T19:49:02","guid":{"rendered":"http:\/\/paroquiagloria.org\/v2\/?p=8216"},"modified":"2019-12-21T19:49:02","modified_gmt":"2019-12-21T19:49:02","slug":"anuncio-vos-uma-grande-alegria","status":"publish","type":"post","link":"http:\/\/paroquiagloria.org\/v2\/?p=8216","title":{"rendered":"\u201cAnuncio-vos uma grande alegria&#8230;\u201d"},"content":{"rendered":"<p style=\"text-align: center;\"><a href=\"http:\/\/paroquiagloria.org\/v2\/wp-content\/uploads\/2019\/12\/anuncio-vos.jpg\"><img loading=\"lazy\" class=\"size-full wp-image-8218 aligncenter\" src=\"http:\/\/paroquiagloria.org\/v2\/wp-content\/uploads\/2019\/12\/anuncio-vos.jpg\" alt=\"anuncio-vos\" width=\"960\" height=\"340\" srcset=\"http:\/\/paroquiagloria.org\/v2\/wp-content\/uploads\/2019\/12\/anuncio-vos.jpg 960w, http:\/\/paroquiagloria.org\/v2\/wp-content\/uploads\/2019\/12\/anuncio-vos-300x106.jpg 300w\" sizes=\"(max-width: 960px) 100vw, 960px\" \/><\/a><\/p>\n<p>&nbsp;<\/p>\n<p style=\"text-align: justify;\">\u201cAproxima-se o Natal\u2026 por excel\u00eancia a festa da fam\u00edlia. O pres\u00e9pio convida-nos \u00e0 contempla\u00e7\u00e3o. Quanta ternura irradia de Maria e Jos\u00e9 reclinados diante do Menino rec\u00e9m-nascido deitado numa manjedoura! Este \u00e9 o mist\u00e9rio e a alegria que somos convidados a partilhar, celebrar e anunciar neste tempo de Natal.<br \/>\n(&#8230;)<br \/>\nViver o verdadeiro Natal \u00e9 acolher e partilhar da alegria que vem da austera e simples beleza da fam\u00edlia de Nazar\u00e9. Cabe-nos a todos criar as condi\u00e7\u00f5es humanas e de cora\u00e7\u00e3o para que Jesus possa irromper na nossa vida, mas esta miss\u00e3o come\u00e7a no seio da fam\u00edlia. Aqui se aprende a olhar, a escutar, a meditar e a penetrar o significado da manifesta\u00e7\u00e3o do Filho de Deus entre n\u00f3s. A fam\u00edlia crist\u00e3 tem de redescobrir a sua identidade e ser, na Igreja e no mundo, o rosto vivo do Deus que ama. Se embal\u00e1ssemos tudo baseado neste amor, talvez se encontrasse rem\u00e9dio para a fragilidade, a for\u00e7a para o levantar da queda, o est\u00edmulo para equilibrar o car\u00e1cter, o desejo de sair da neglig\u00eancia, a riqueza para suprir as car\u00eancias, a coragem para preservarmos e defendermos a vida desde o nascimento at\u00e9 \u00e0 morte natural\u2026 encontrar\u00edamos fam\u00edlias felizes e uma sociedade mais solid\u00e1ria. (&#8230;)<\/p>\n<p style=\"text-align: right;\">\nd<em>a mensagem para o Natal 2019 de<\/em><br \/>\n<em>\u2020 Ant\u00f3nio Manuel Moiteiro Ramos, Bispo de Aveiro<\/em><\/p>\n","protected":false},"excerpt":{"rendered":"<p>&nbsp; \u201cAproxima-se o Natal\u2026 por excel\u00eancia a festa da fam\u00edlia. O pres\u00e9pio convida-nos \u00e0 contempla\u00e7\u00e3o. Quanta ternura irradia de Maria e Jos\u00e9 reclinados diante do Menino rec\u00e9m-nascido deitado numa manjedoura! Este \u00e9 o mist\u00e9rio e a alegria que somos convidados a partilhar, celebrar e anunciar neste tempo de Natal. (&#8230;) Viver o verdadeiro Natal \u00e9 [&hellip;]<\/p>\n","protected":false},"author":1,"featured_media":8220,"comment_status":"open","ping_status":"closed","sticky":false,"template":"","format":"standard","meta":{"ngg_post_thumbnail":0},"categories":[1,4,2,6,22],"tags":[],"_links":{"self":[{"href":"http:\/\/paroquiagloria.org\/v2\/index.php?rest_route=\/wp\/v2\/posts\/8216"}],"collection":[{"href":"http:\/\/paroquiagloria.org\/v2\/index.php?rest_route=\/wp\/v2\/posts"}],"about":[{"href":"http:\/\/paroquiagloria.org\/v2\/index.php?rest_route=\/wp\/v2\/types\/post"}],"author":[{"embeddable":true,"href":"http:\/\/paroquiagloria.org\/v2\/index.php?rest_route=\/wp\/v2\/users\/1"}],"replies":[{"embeddable":true,"href":"http:\/\/paroquiagloria.org\/v2\/index.php?rest_route=%2Fwp%2Fv2%2Fcomments&post=8216"}],"version-history":[{"count":1,"href":"http:\/\/paroquiagloria.org\/v2\/index.php?rest_route=\/wp\/v2\/posts\/8216\/revisions"}],"predecessor-version":[{"id":8221,"href":"http:\/\/paroquiagloria.org\/v2\/index.php?rest_route=\/wp\/v2\/posts\/8216\/revisions\/8221"}],"wp:featuredmedia":[{"embeddable":true,"href":"http:\/\/paroquiagloria.org\/v2\/index.php?rest_route=\/wp\/v2\/media\/8220"}],"wp:attachment":[{"href":"http:\/\/paroquiagloria.org\/v2\/index.php?rest_route=%2Fwp%2Fv2%2Fmedia&parent=8216"}],"wp:term":[{"taxonomy":"category","embeddable":true,"href":"http:\/\/paroquiagloria.org\/v2\/index.php?rest_route=%2Fwp%2Fv2%2Fcategories&post=8216"},{"taxonomy":"post_tag","embeddable":true,"href":"http:\/\/paroquiagloria.org\/v2\/index.php?rest_route=%2Fwp%2Fv2%2Ftags&post=8216"}],"curies":[{"name":"wp","href":"https:\/\/api.w.org\/{rel}","templated":true}]}}