{"id":8202,"date":"2019-12-14T19:53:39","date_gmt":"2019-12-14T19:53:39","guid":{"rendered":"http:\/\/paroquiagloria.org\/v2\/?p=8202"},"modified":"2019-12-14T19:53:39","modified_gmt":"2019-12-14T19:53:39","slug":"luz-da-paz-de-belem-2","status":"publish","type":"post","link":"http:\/\/paroquiagloria.org\/v2\/?p=8202","title":{"rendered":"Luz da Paz de Bel\u00e9m"},"content":{"rendered":"<p><a href=\"http:\/\/paroquiagloria.org\/v2\/wp-content\/uploads\/2019\/12\/luzpazbelem.jpg\"><img loading=\"lazy\" class=\"size-full wp-image-8205 aligncenter\" src=\"http:\/\/paroquiagloria.org\/v2\/wp-content\/uploads\/2019\/12\/luzpazbelem.jpg\" alt=\"luzpazbelem\" width=\"480\" height=\"360\" srcset=\"http:\/\/paroquiagloria.org\/v2\/wp-content\/uploads\/2019\/12\/luzpazbelem.jpg 480w, http:\/\/paroquiagloria.org\/v2\/wp-content\/uploads\/2019\/12\/luzpazbelem-300x225.jpg 300w\" sizes=\"(max-width: 480px) 100vw, 480px\" \/><\/a><\/p>\n<p>&nbsp;<\/p>\n<p>No dia 15 de Dezembro de 2019, em Santar\u00e9m ir\u00e1 ser partilhada a n\u00edvel Nacional a \u201cLuz da Paz de Bel\u00e9m\u201d. Sete dias depois teremos a nossa Celebra\u00e7\u00e3o Diocesana. O agrupamento do CNE 191-Aveiro estar\u00e1, no s\u00e1bado dia 21 de Dezembro de 2019, em Oliveirinha, para recolher a \u201cLuz da Paz de B\u00e9lem\u201d que ser\u00e1 partilhada, h\u00e1 semelhan\u00e7a do ano passado.<br \/>\nDia 22, ser\u00e1 a vez de partilhar a n\u00edvel Diocesano esta \u201cLuz da Paz de Bel\u00e9m\u201d, pela par\u00f3quia, nas missas desse dia das 8h30, 10h30, 12h e 19h.<br \/>\nIremos partilhar essa luz pelos membros da nossa comunidade.<\/p>\n<p>&nbsp;<\/p>\n<p>&nbsp;<\/p>\n","protected":false},"excerpt":{"rendered":"<p>&nbsp; No dia 15 de Dezembro de 2019, em Santar\u00e9m ir\u00e1 ser partilhada a n\u00edvel Nacional a \u201cLuz da Paz de Bel\u00e9m\u201d. Sete dias depois teremos a nossa Celebra\u00e7\u00e3o Diocesana. O agrupamento do CNE 191-Aveiro estar\u00e1, no s\u00e1bado dia 21 de Dezembro de 2019, em Oliveirinha, para recolher a \u201cLuz da Paz de B\u00e9lem\u201d que [&hellip;]<\/p>\n","protected":false},"author":1,"featured_media":8206,"comment_status":"open","ping_status":"closed","sticky":false,"template":"","format":"standard","meta":{"ngg_post_thumbnail":0},"categories":[1,4,2,6],"tags":[],"_links":{"self":[{"href":"http:\/\/paroquiagloria.org\/v2\/index.php?rest_route=\/wp\/v2\/posts\/8202"}],"collection":[{"href":"http:\/\/paroquiagloria.org\/v2\/index.php?rest_route=\/wp\/v2\/posts"}],"about":[{"href":"http:\/\/paroquiagloria.org\/v2\/index.php?rest_route=\/wp\/v2\/types\/post"}],"author":[{"embeddable":true,"href":"http:\/\/paroquiagloria.org\/v2\/index.php?rest_route=\/wp\/v2\/users\/1"}],"replies":[{"embeddable":true,"href":"http:\/\/paroquiagloria.org\/v2\/index.php?rest_route=%2Fwp%2Fv2%2Fcomments&post=8202"}],"version-history":[{"count":1,"href":"http:\/\/paroquiagloria.org\/v2\/index.php?rest_route=\/wp\/v2\/posts\/8202\/revisions"}],"predecessor-version":[{"id":8207,"href":"http:\/\/paroquiagloria.org\/v2\/index.php?rest_route=\/wp\/v2\/posts\/8202\/revisions\/8207"}],"wp:featuredmedia":[{"embeddable":true,"href":"http:\/\/paroquiagloria.org\/v2\/index.php?rest_route=\/wp\/v2\/media\/8206"}],"wp:attachment":[{"href":"http:\/\/paroquiagloria.org\/v2\/index.php?rest_route=%2Fwp%2Fv2%2Fmedia&parent=8202"}],"wp:term":[{"taxonomy":"category","embeddable":true,"href":"http:\/\/paroquiagloria.org\/v2\/index.php?rest_route=%2Fwp%2Fv2%2Fcategories&post=8202"},{"taxonomy":"post_tag","embeddable":true,"href":"http:\/\/paroquiagloria.org\/v2\/index.php?rest_route=%2Fwp%2Fv2%2Ftags&post=8202"}],"curies":[{"name":"wp","href":"https:\/\/api.w.org\/{rel}","templated":true}]}}