{"id":8195,"date":"2019-12-07T20:00:58","date_gmt":"2019-12-07T20:00:58","guid":{"rendered":"http:\/\/paroquiagloria.org\/v2\/?p=8195"},"modified":"2019-12-07T20:00:58","modified_gmt":"2019-12-07T20:00:58","slug":"ave-maria","status":"publish","type":"post","link":"http:\/\/paroquiagloria.org\/v2\/?p=8195","title":{"rendered":"Av\u00e9, Maria !"},"content":{"rendered":"<p><a href=\"http:\/\/paroquiagloria.org\/v2\/wp-content\/uploads\/2019\/12\/inaculadaConc_A.jpg\"><img loading=\"lazy\" class=\"size-full wp-image-8183 aligncenter\" src=\"http:\/\/paroquiagloria.org\/v2\/wp-content\/uploads\/2019\/12\/inaculadaConc_A.jpg\" alt=\"inaculadaConc_A\" width=\"317\" height=\"1000\" srcset=\"http:\/\/paroquiagloria.org\/v2\/wp-content\/uploads\/2019\/12\/inaculadaConc_A.jpg 317w, http:\/\/paroquiagloria.org\/v2\/wp-content\/uploads\/2019\/12\/inaculadaConc_A-95x300.jpg 95w\" sizes=\"(max-width: 317px) 100vw, 317px\" \/><\/a><\/p>\n<p>&nbsp;<\/p>\n<p style=\"text-align: justify;\">Apesar de ser Advento, celebramos neste domingo, por especial privil\u00e9gio da Santa S\u00e9, a Solenidade da Imaculada Concei\u00e7\u00e3o de Nossa Senhora, Padroeira principal de Portugal, e fazemos nossas as exclama\u00e7\u00f5es de alegria e triunfo que a Liturgia coloca nos l\u00e1bios da Virgem Maria, logo no princ\u00edpio da Missa.<br \/>\nNeste dia em que celebramos tamb\u00e9m como Par\u00f3quia a nossa Padroeira, com o t\u00edtulo de Nossa Senhora da Gl\u00f3ria, somos convidados n\u00e3o apenas a escutar com o m\u00e1ximo respeito e venera\u00e7\u00e3o a sauda\u00e7\u00e3o do anjo, que A proclama &#8220;cheia de gra\u00e7a&#8221;, mas tamb\u00e9m a honr\u00e1-La como modelo de santidade, M\u00e3e da Igreja e Advogada da pr\u00f3pria humanidade.<br \/>\nN\u00e3o podemos ent\u00e3o ficar apenas como ouvidores embebecidos com a sauda\u00e7\u00e3o do anjo, mas h\u00e1 que tirar da celebra\u00e7\u00e3o da Senhora da Concei\u00e7\u00e3o consequ\u00eancias pr\u00e1ticas e di\u00e1rias, para a nossa vida crist\u00e3 pessoal e comunit\u00e1ria.<br \/>\nSendo portugueses que A t\u00eam como Padroeira e paroquianos de quem Ela \u00e9 Titular, saudamos todos os dias Maria como a &#8220;cheia de gra\u00e7a&#8221;? Fomentamos em nossas casas uma saud\u00e1vel e terna devo\u00e7\u00e3o a Nossa Senhora e aceitamo-La como confidente e conselheira nas dificuldades e tens\u00f5es da vida familiar?<br \/>\nN\u00e3o basta ter a Imagem de Nossa Senhora enfeitada nas nossas Igrejas ou mesmo em casa, n\u00e3o bastam as nossas promessas a F\u00e1tima, mesmo se cumpridas dolorosamente a p\u00e9, n\u00e3o bastam as festas e romarias marianas que, por vezes, pouco mais s\u00e3o que divers\u00e3o e arraial, para nos afirmarmos devotos de Nossa Senhora, porque os verdadeiros devotos s\u00e3o os que se esfor\u00e7am por imit\u00e1-La na escuta da Palavra, na obedi\u00eancia incondicional \u00e0 vontade de Deus e na generosidade ao servi\u00e7o dos irm\u00e3os.<\/p>\n<p style=\"text-align: right;\">P. Fausto<\/p>\n<p style=\"text-align: right;\">in Di\u00e1logo n\u00ba1678 (Solenidade da Imaculada Concei\u00e7\u00e3o da Virgem Santa Maria (Domingo II de Advento) &#8211; Ano A)<\/p>\n","protected":false},"excerpt":{"rendered":"<p>&nbsp; Apesar de ser Advento, celebramos neste domingo, por especial privil\u00e9gio da Santa S\u00e9, a Solenidade da Imaculada Concei\u00e7\u00e3o de Nossa Senhora, Padroeira principal de Portugal, e fazemos nossas as exclama\u00e7\u00f5es de alegria e triunfo que a Liturgia coloca nos l\u00e1bios da Virgem Maria, logo no princ\u00edpio da Missa. Neste dia em que celebramos tamb\u00e9m [&hellip;]<\/p>\n","protected":false},"author":1,"featured_media":8182,"comment_status":"open","ping_status":"closed","sticky":false,"template":"","format":"standard","meta":{"ngg_post_thumbnail":0},"categories":[1,4,2,6,17],"tags":[],"_links":{"self":[{"href":"http:\/\/paroquiagloria.org\/v2\/index.php?rest_route=\/wp\/v2\/posts\/8195"}],"collection":[{"href":"http:\/\/paroquiagloria.org\/v2\/index.php?rest_route=\/wp\/v2\/posts"}],"about":[{"href":"http:\/\/paroquiagloria.org\/v2\/index.php?rest_route=\/wp\/v2\/types\/post"}],"author":[{"embeddable":true,"href":"http:\/\/paroquiagloria.org\/v2\/index.php?rest_route=\/wp\/v2\/users\/1"}],"replies":[{"embeddable":true,"href":"http:\/\/paroquiagloria.org\/v2\/index.php?rest_route=%2Fwp%2Fv2%2Fcomments&post=8195"}],"version-history":[{"count":1,"href":"http:\/\/paroquiagloria.org\/v2\/index.php?rest_route=\/wp\/v2\/posts\/8195\/revisions"}],"predecessor-version":[{"id":8196,"href":"http:\/\/paroquiagloria.org\/v2\/index.php?rest_route=\/wp\/v2\/posts\/8195\/revisions\/8196"}],"wp:featuredmedia":[{"embeddable":true,"href":"http:\/\/paroquiagloria.org\/v2\/index.php?rest_route=\/wp\/v2\/media\/8182"}],"wp:attachment":[{"href":"http:\/\/paroquiagloria.org\/v2\/index.php?rest_route=%2Fwp%2Fv2%2Fmedia&parent=8195"}],"wp:term":[{"taxonomy":"category","embeddable":true,"href":"http:\/\/paroquiagloria.org\/v2\/index.php?rest_route=%2Fwp%2Fv2%2Fcategories&post=8195"},{"taxonomy":"post_tag","embeddable":true,"href":"http:\/\/paroquiagloria.org\/v2\/index.php?rest_route=%2Fwp%2Fv2%2Ftags&post=8195"}],"curies":[{"name":"wp","href":"https:\/\/api.w.org\/{rel}","templated":true}]}}