{"id":8192,"date":"2019-12-07T19:58:49","date_gmt":"2019-12-07T19:58:49","guid":{"rendered":"http:\/\/paroquiagloria.org\/v2\/?p=8192"},"modified":"2019-12-07T20:07:17","modified_gmt":"2019-12-07T20:07:17","slug":"cantinho-da-familia-2","status":"publish","type":"post","link":"http:\/\/paroquiagloria.org\/v2\/?p=8192","title":{"rendered":"\u201cCANTINHO DA FAM\u00cdLIA\u201d &#8211; 2"},"content":{"rendered":"<p style=\"text-align: center;\"><a href=\"http:\/\/paroquiagloria.org\/v2\/wp-content\/uploads\/2019\/12\/terapia-familiar_-1030x579.jpg\"><img loading=\"lazy\" class=\"alignnone size-large wp-image-8184\" src=\"http:\/\/paroquiagloria.org\/v2\/wp-content\/uploads\/2019\/12\/terapia-familiar_-1030x579-1024x576.jpg\" alt=\"terapia-familiar_-1030x579\" width=\"1024\" height=\"576\" srcset=\"http:\/\/paroquiagloria.org\/v2\/wp-content\/uploads\/2019\/12\/terapia-familiar_-1030x579-1024x576.jpg 1024w, http:\/\/paroquiagloria.org\/v2\/wp-content\/uploads\/2019\/12\/terapia-familiar_-1030x579-300x169.jpg 300w, http:\/\/paroquiagloria.org\/v2\/wp-content\/uploads\/2019\/12\/terapia-familiar_-1030x579.jpg 1030w\" sizes=\"(max-width: 1024px) 100vw, 1024px\" \/><\/a><\/p>\n<h3>Fam\u00edlia &#8211; Escola de Ora\u00e7\u00e3o<\/h3>\n<p>&#8220;Podem encontrar-se alguns minutos cada dia para estar unidos na presen\u00e7a do Senhor vivo, dizer-Lhe as coisas que os preocupam, rezar pelas necessidades familiares, orar por algu\u00e9m que est\u00e1 a atravessar um momento dif\u00edcil, pedir-Lhe ajuda para amar, dar-Lhe gra\u00e7as pela vida e as coisas boas, suplicar \u00e0 Virgem que os proteja com o Seu manto de M\u00e3e.<br \/>\nCom palavras simples, este momento de ora\u00e7\u00e3o pode fazer muito bem \u00e0 fam\u00edlia.<br \/>\nO caminho comunit\u00e1rio de ora\u00e7\u00e3o atinge o seu ponto culminante ao participarem juntos na Eucaristia, sobretudo no contexto do descanso dominical. Jesus bate \u00e0 porta da fam\u00edlia para partilhar com ela a Ceia Eucar\u00edstica.<br \/>\nO alimento da Eucaristia \u00e9 for\u00e7a e est\u00edmulo para viver cada dia a alian\u00e7a matrimonial como Igreja Dom\u00e9stica. (Segunda Exorta\u00e7\u00e3o Apost\u00f3lica do Papa Francisco &#8220;<em>Amoris laetitia<\/em>\u201d , n\u00b0318).<\/p>\n<p>&nbsp;<\/p>\n\r\n\t\t\t<div class='et-tabs-container et_sliderfx_fade et_sliderauto_false et_sliderauto_speed_5000 et_slidertype_top_tabs'>\r\n\t\t\t\t<ul class='et-tabs-control'>\r\n\t\t\t<li><a href='#'>\r\n\t\t\t\r\n\t\t<\/a><\/li>\r\n\t\t<\/ul> <!-- .et-tabs-control --> \r\n\t\t<div class='et-tabs-content'>\r\n\t\t\t<div class='et-tabs-content-wrapper'>\r\n\t\t\t\t<div class='et_slidecontent'>\r\n\t\t\t<span style=\"color: #993366;\"><strong>Ora\u00e7\u00e3o de Ben\u00e7\u00e3o para a mesa durante a semana:<\/strong><\/span> Senhor, aben\u00e7oa os alimentos que vamos tomar. Que a exemplo de Maria, Tua M\u00e3e, guardemos no cora\u00e7\u00e3o a Tua Palavra e aprendamos o valor do sil\u00eancio e da Ora\u00e7\u00e3o em fam\u00edlia. Gl\u00f3ria ao Pai, ao Filho e ao Esp\u00edrito Santo, Como era no princ\u00edpio, agora e sempre. Amem\r\n\t\t<\/div>\r\n\t\t\t<\/div>\r\n\t\t<\/div>\r\n\t\t\t<\/div> <!-- .et-tabs-container -->\n<p>&nbsp;<\/p>\n<p>&nbsp;<\/p>\n<p><a href=\"http:\/\/paroquiagloria.org\/v2\/wp-content\/uploads\/2018\/11\/banner_gravidas_bencao.jpg\"><img loading=\"lazy\" class=\"alignnone size-full wp-image-7062\" src=\"http:\/\/paroquiagloria.org\/v2\/wp-content\/uploads\/2018\/11\/banner_gravidas_bencao.jpg\" alt=\"banner_gravidas_bencao\" width=\"960\" height=\"450\" srcset=\"http:\/\/paroquiagloria.org\/v2\/wp-content\/uploads\/2018\/11\/banner_gravidas_bencao.jpg 960w, http:\/\/paroquiagloria.org\/v2\/wp-content\/uploads\/2018\/11\/banner_gravidas_bencao-300x141.jpg 300w\" sizes=\"(max-width: 960px) 100vw, 960px\" \/><\/a><\/p>\n<h3>B\u00ean\u00e7\u00e3o das Gr\u00e1vidas<\/h3>\n<p>Como j\u00e1 foi anunciado, no Domingo, dia 22, h\u00e1 uma especial Ora\u00e7\u00e3o de Ben\u00e7\u00e3o para as Gr\u00e1vidas presentes nas Missas das 10h30 e 12h00.<br \/>\nSe \u00e9 o seu caso e est\u00e1 interessada, deve inscrever-se na sacristia ou na secretaria paroquial. N\u00e3o tenha receio de o fazer desde j\u00e1.<\/p>\n","protected":false},"excerpt":{"rendered":"<p>Fam\u00edlia &#8211; Escola de Ora\u00e7\u00e3o &#8220;Podem encontrar-se alguns minutos cada dia para estar unidos na presen\u00e7a do Senhor vivo, dizer-Lhe as coisas que os preocupam, rezar pelas necessidades familiares, orar por algu\u00e9m que est\u00e1 a atravessar um momento dif\u00edcil, pedir-Lhe ajuda para amar, dar-Lhe gra\u00e7as pela vida e as coisas boas, suplicar \u00e0 Virgem que [&hellip;]<\/p>\n","protected":false},"author":1,"featured_media":8193,"comment_status":"open","ping_status":"closed","sticky":false,"template":"","format":"standard","meta":{"ngg_post_thumbnail":0},"categories":[1,4,2,6,22],"tags":[],"_links":{"self":[{"href":"http:\/\/paroquiagloria.org\/v2\/index.php?rest_route=\/wp\/v2\/posts\/8192"}],"collection":[{"href":"http:\/\/paroquiagloria.org\/v2\/index.php?rest_route=\/wp\/v2\/posts"}],"about":[{"href":"http:\/\/paroquiagloria.org\/v2\/index.php?rest_route=\/wp\/v2\/types\/post"}],"author":[{"embeddable":true,"href":"http:\/\/paroquiagloria.org\/v2\/index.php?rest_route=\/wp\/v2\/users\/1"}],"replies":[{"embeddable":true,"href":"http:\/\/paroquiagloria.org\/v2\/index.php?rest_route=%2Fwp%2Fv2%2Fcomments&post=8192"}],"version-history":[{"count":3,"href":"http:\/\/paroquiagloria.org\/v2\/index.php?rest_route=\/wp\/v2\/posts\/8192\/revisions"}],"predecessor-version":[{"id":8198,"href":"http:\/\/paroquiagloria.org\/v2\/index.php?rest_route=\/wp\/v2\/posts\/8192\/revisions\/8198"}],"wp:featuredmedia":[{"embeddable":true,"href":"http:\/\/paroquiagloria.org\/v2\/index.php?rest_route=\/wp\/v2\/media\/8193"}],"wp:attachment":[{"href":"http:\/\/paroquiagloria.org\/v2\/index.php?rest_route=%2Fwp%2Fv2%2Fmedia&parent=8192"}],"wp:term":[{"taxonomy":"category","embeddable":true,"href":"http:\/\/paroquiagloria.org\/v2\/index.php?rest_route=%2Fwp%2Fv2%2Fcategories&post=8192"},{"taxonomy":"post_tag","embeddable":true,"href":"http:\/\/paroquiagloria.org\/v2\/index.php?rest_route=%2Fwp%2Fv2%2Ftags&post=8192"}],"curies":[{"name":"wp","href":"https:\/\/api.w.org\/{rel}","templated":true}]}}