{"id":8188,"date":"2019-12-07T19:52:34","date_gmt":"2019-12-07T19:52:34","guid":{"rendered":"http:\/\/paroquiagloria.org\/v2\/?p=8188"},"modified":"2019-12-07T19:52:34","modified_gmt":"2019-12-07T19:52:34","slug":"arvore-da-partilha","status":"publish","type":"post","link":"http:\/\/paroquiagloria.org\/v2\/?p=8188","title":{"rendered":"\u00c1rvore da Partilha"},"content":{"rendered":"<p><a href=\"http:\/\/paroquiagloria.org\/v2\/wp-content\/uploads\/2019\/12\/arvorepartilha.jpg\"><img loading=\"lazy\" class=\"size-full wp-image-8178 aligncenter\" src=\"http:\/\/paroquiagloria.org\/v2\/wp-content\/uploads\/2019\/12\/arvorepartilha.jpg\" alt=\"arvorepartilha\" width=\"960\" height=\"720\" srcset=\"http:\/\/paroquiagloria.org\/v2\/wp-content\/uploads\/2019\/12\/arvorepartilha.jpg 960w, http:\/\/paroquiagloria.org\/v2\/wp-content\/uploads\/2019\/12\/arvorepartilha-300x225.jpg 300w\" sizes=\"(max-width: 960px) 100vw, 960px\" \/><\/a><\/p>\n<p>Durante o tempo do Advento, como gesto de partilha, estar\u00e1 a \u00c1rvore de Natal Solid\u00e1ria, na nossa igreja, para que leve o cart\u00e3o com um bem alimentar e depois deixe o alimento junto da \u00e1rvore.<\/p>\n","protected":false},"excerpt":{"rendered":"<p>Durante o tempo do Advento, como gesto de partilha, estar\u00e1 a \u00c1rvore de Natal Solid\u00e1ria, na nossa igreja, para que leve o cart\u00e3o com um bem alimentar e depois deixe o alimento junto da \u00e1rvore.<\/p>\n","protected":false},"author":1,"featured_media":8180,"comment_status":"open","ping_status":"closed","sticky":false,"template":"","format":"standard","meta":{"ngg_post_thumbnail":0},"categories":[1,4,2,6,22],"tags":[],"_links":{"self":[{"href":"http:\/\/paroquiagloria.org\/v2\/index.php?rest_route=\/wp\/v2\/posts\/8188"}],"collection":[{"href":"http:\/\/paroquiagloria.org\/v2\/index.php?rest_route=\/wp\/v2\/posts"}],"about":[{"href":"http:\/\/paroquiagloria.org\/v2\/index.php?rest_route=\/wp\/v2\/types\/post"}],"author":[{"embeddable":true,"href":"http:\/\/paroquiagloria.org\/v2\/index.php?rest_route=\/wp\/v2\/users\/1"}],"replies":[{"embeddable":true,"href":"http:\/\/paroquiagloria.org\/v2\/index.php?rest_route=%2Fwp%2Fv2%2Fcomments&post=8188"}],"version-history":[{"count":1,"href":"http:\/\/paroquiagloria.org\/v2\/index.php?rest_route=\/wp\/v2\/posts\/8188\/revisions"}],"predecessor-version":[{"id":8189,"href":"http:\/\/paroquiagloria.org\/v2\/index.php?rest_route=\/wp\/v2\/posts\/8188\/revisions\/8189"}],"wp:featuredmedia":[{"embeddable":true,"href":"http:\/\/paroquiagloria.org\/v2\/index.php?rest_route=\/wp\/v2\/media\/8180"}],"wp:attachment":[{"href":"http:\/\/paroquiagloria.org\/v2\/index.php?rest_route=%2Fwp%2Fv2%2Fmedia&parent=8188"}],"wp:term":[{"taxonomy":"category","embeddable":true,"href":"http:\/\/paroquiagloria.org\/v2\/index.php?rest_route=%2Fwp%2Fv2%2Fcategories&post=8188"},{"taxonomy":"post_tag","embeddable":true,"href":"http:\/\/paroquiagloria.org\/v2\/index.php?rest_route=%2Fwp%2Fv2%2Ftags&post=8188"}],"curies":[{"name":"wp","href":"https:\/\/api.w.org\/{rel}","templated":true}]}}