{"id":8186,"date":"2019-12-07T19:51:53","date_gmt":"2019-12-07T19:51:53","guid":{"rendered":"http:\/\/paroquiagloria.org\/v2\/?p=8186"},"modified":"2019-12-07T19:51:53","modified_gmt":"2019-12-07T19:51:53","slug":"gesto-pela-paz","status":"publish","type":"post","link":"http:\/\/paroquiagloria.org\/v2\/?p=8186","title":{"rendered":"Gesto pela Paz"},"content":{"rendered":"<p><a href=\"http:\/\/paroquiagloria.org\/v2\/wp-content\/uploads\/2019\/12\/10milhoesestrelas_banner.jpg\"><img loading=\"lazy\" class=\"size-large wp-image-8177 aligncenter\" src=\"http:\/\/paroquiagloria.org\/v2\/wp-content\/uploads\/2019\/12\/10milhoesestrelas_banner-1024x490.jpg\" alt=\"10milhoesestrelas_banner\" width=\"1024\" height=\"490\" srcset=\"http:\/\/paroquiagloria.org\/v2\/wp-content\/uploads\/2019\/12\/10milhoesestrelas_banner-1024x490.jpg 1024w, http:\/\/paroquiagloria.org\/v2\/wp-content\/uploads\/2019\/12\/10milhoesestrelas_banner-300x144.jpg 300w, http:\/\/paroquiagloria.org\/v2\/wp-content\/uploads\/2019\/12\/10milhoesestrelas_banner.jpg 1232w\" sizes=\"(max-width: 1024px) 100vw, 1024px\" \/><\/a><\/p>\n<p>&nbsp;<\/p>\n<p>A Opera\u00e7\u00e3o <strong>\u201c10 Milh\u00f5es de Estrelas \u2013 Um Gesto pela Paz\u201d<\/strong> nasceu em Fran\u00e7a em 1984 com o objectivo de sensibilizar para os valores da paz como viv\u00eancia crist\u00e3 do Natal e ajudar financeiramente uma causa concreta num pa\u00eds em dificuldades. Todos os que quiserem juntar-se \u00e0 C\u00e1ritas, participando na sua miss\u00e3o de estar ao lado dos mais fr\u00e1geis, poder\u00e3o faz\u00ea-lo de forma simb\u00f3lica atrav\u00e9s da aquisi\u00e7\u00e3o de uma \u201cestrela\u201d. As <strong>estrelas<\/strong> est\u00e3o dispon\u00edveis nas C\u00e1ritas diocesanas, escolas e par\u00f3quias aderentes e nas lojas Pingo Doce, pelo valor de 2\u20ac. Muitas estrelas poder\u00e3o iluminar um c\u00e9u inteiro!<br \/>\nA <strong>vela<\/strong> a que muitos portugueses j\u00e1 se habituaram tem, este ano, uma nova imagem em forma de estrela, com um tamanho maior e aromatizada, e vem trazer um novo dinamismo \u00e0 ac\u00e7\u00e3o que \u00e9 desenvolvida anualmente.<\/p>\n","protected":false},"excerpt":{"rendered":"<p>&nbsp; A Opera\u00e7\u00e3o \u201c10 Milh\u00f5es de Estrelas \u2013 Um Gesto pela Paz\u201d nasceu em Fran\u00e7a em 1984 com o objectivo de sensibilizar para os valores da paz como viv\u00eancia crist\u00e3 do Natal e ajudar financeiramente uma causa concreta num pa\u00eds em dificuldades. Todos os que quiserem juntar-se \u00e0 C\u00e1ritas, participando na sua miss\u00e3o de estar [&hellip;]<\/p>\n","protected":false},"author":1,"featured_media":8179,"comment_status":"open","ping_status":"closed","sticky":false,"template":"","format":"standard","meta":{"ngg_post_thumbnail":0},"categories":[1,4,2,6,22],"tags":[],"_links":{"self":[{"href":"http:\/\/paroquiagloria.org\/v2\/index.php?rest_route=\/wp\/v2\/posts\/8186"}],"collection":[{"href":"http:\/\/paroquiagloria.org\/v2\/index.php?rest_route=\/wp\/v2\/posts"}],"about":[{"href":"http:\/\/paroquiagloria.org\/v2\/index.php?rest_route=\/wp\/v2\/types\/post"}],"author":[{"embeddable":true,"href":"http:\/\/paroquiagloria.org\/v2\/index.php?rest_route=\/wp\/v2\/users\/1"}],"replies":[{"embeddable":true,"href":"http:\/\/paroquiagloria.org\/v2\/index.php?rest_route=%2Fwp%2Fv2%2Fcomments&post=8186"}],"version-history":[{"count":1,"href":"http:\/\/paroquiagloria.org\/v2\/index.php?rest_route=\/wp\/v2\/posts\/8186\/revisions"}],"predecessor-version":[{"id":8187,"href":"http:\/\/paroquiagloria.org\/v2\/index.php?rest_route=\/wp\/v2\/posts\/8186\/revisions\/8187"}],"wp:featuredmedia":[{"embeddable":true,"href":"http:\/\/paroquiagloria.org\/v2\/index.php?rest_route=\/wp\/v2\/media\/8179"}],"wp:attachment":[{"href":"http:\/\/paroquiagloria.org\/v2\/index.php?rest_route=%2Fwp%2Fv2%2Fmedia&parent=8186"}],"wp:term":[{"taxonomy":"category","embeddable":true,"href":"http:\/\/paroquiagloria.org\/v2\/index.php?rest_route=%2Fwp%2Fv2%2Fcategories&post=8186"},{"taxonomy":"post_tag","embeddable":true,"href":"http:\/\/paroquiagloria.org\/v2\/index.php?rest_route=%2Fwp%2Fv2%2Ftags&post=8186"}],"curies":[{"name":"wp","href":"https:\/\/api.w.org\/{rel}","templated":true}]}}