{"id":8174,"date":"2019-12-07T19:50:44","date_gmt":"2019-12-07T19:50:44","guid":{"rendered":"http:\/\/paroquiagloria.org\/v2\/?p=8174"},"modified":"2019-12-07T19:50:44","modified_gmt":"2019-12-07T19:50:44","slug":"restauracao-da-diocese","status":"publish","type":"post","link":"http:\/\/paroquiagloria.org\/v2\/?p=8174","title":{"rendered":"Restaura\u00e7\u00e3o da Diocese"},"content":{"rendered":"<p><a href=\"http:\/\/paroquiagloria.org\/v2\/wp-content\/uploads\/2019\/12\/bula-_restauracao-da-diocese-1024x773-750x566.jpg\"><img loading=\"lazy\" class=\"size-full wp-image-8175 aligncenter\" src=\"http:\/\/paroquiagloria.org\/v2\/wp-content\/uploads\/2019\/12\/bula-_restauracao-da-diocese-1024x773-750x566.jpg\" alt=\"bula-_restauracao-da-diocese-1024x773-750x566\" width=\"750\" height=\"566\" srcset=\"http:\/\/paroquiagloria.org\/v2\/wp-content\/uploads\/2019\/12\/bula-_restauracao-da-diocese-1024x773-750x566.jpg 750w, http:\/\/paroquiagloria.org\/v2\/wp-content\/uploads\/2019\/12\/bula-_restauracao-da-diocese-1024x773-750x566-300x226.jpg 300w\" sizes=\"(max-width: 750px) 100vw, 750px\" \/><\/a><\/p>\n<p>&nbsp;<\/p>\n<p>Na pr\u00f3xima quarta-feira, dia <strong>11 de Dezembro<\/strong> comemoramos <strong>81 anos da restaura\u00e7\u00e3o da Diocese de Aveiro<\/strong>, que ocorreu em 1938.<br \/>\nEstamos todos convocados para celebrar esta data, na missa das 19h desse dia, na S\u00e9, que ir\u00e1 ser presidida pelo nosso Bispo e concelebrada pelos sacerdotes ordenados h\u00e1 25 anos.<\/p>\n","protected":false},"excerpt":{"rendered":"<p>&nbsp; Na pr\u00f3xima quarta-feira, dia 11 de Dezembro comemoramos 81 anos da restaura\u00e7\u00e3o da Diocese de Aveiro, que ocorreu em 1938. Estamos todos convocados para celebrar esta data, na missa das 19h desse dia, na S\u00e9, que ir\u00e1 ser presidida pelo nosso Bispo e concelebrada pelos sacerdotes ordenados h\u00e1 25 anos.<\/p>\n","protected":false},"author":1,"featured_media":8181,"comment_status":"open","ping_status":"closed","sticky":false,"template":"","format":"standard","meta":{"ngg_post_thumbnail":0},"categories":[1,4,2,6,22],"tags":[],"_links":{"self":[{"href":"http:\/\/paroquiagloria.org\/v2\/index.php?rest_route=\/wp\/v2\/posts\/8174"}],"collection":[{"href":"http:\/\/paroquiagloria.org\/v2\/index.php?rest_route=\/wp\/v2\/posts"}],"about":[{"href":"http:\/\/paroquiagloria.org\/v2\/index.php?rest_route=\/wp\/v2\/types\/post"}],"author":[{"embeddable":true,"href":"http:\/\/paroquiagloria.org\/v2\/index.php?rest_route=\/wp\/v2\/users\/1"}],"replies":[{"embeddable":true,"href":"http:\/\/paroquiagloria.org\/v2\/index.php?rest_route=%2Fwp%2Fv2%2Fcomments&post=8174"}],"version-history":[{"count":1,"href":"http:\/\/paroquiagloria.org\/v2\/index.php?rest_route=\/wp\/v2\/posts\/8174\/revisions"}],"predecessor-version":[{"id":8185,"href":"http:\/\/paroquiagloria.org\/v2\/index.php?rest_route=\/wp\/v2\/posts\/8174\/revisions\/8185"}],"wp:featuredmedia":[{"embeddable":true,"href":"http:\/\/paroquiagloria.org\/v2\/index.php?rest_route=\/wp\/v2\/media\/8181"}],"wp:attachment":[{"href":"http:\/\/paroquiagloria.org\/v2\/index.php?rest_route=%2Fwp%2Fv2%2Fmedia&parent=8174"}],"wp:term":[{"taxonomy":"category","embeddable":true,"href":"http:\/\/paroquiagloria.org\/v2\/index.php?rest_route=%2Fwp%2Fv2%2Fcategories&post=8174"},{"taxonomy":"post_tag","embeddable":true,"href":"http:\/\/paroquiagloria.org\/v2\/index.php?rest_route=%2Fwp%2Fv2%2Ftags&post=8174"}],"curies":[{"name":"wp","href":"https:\/\/api.w.org\/{rel}","templated":true}]}}