{"id":8165,"date":"2019-11-30T19:53:52","date_gmt":"2019-11-30T19:53:52","guid":{"rendered":"http:\/\/paroquiagloria.org\/v2\/?p=8165"},"modified":"2019-11-30T20:01:00","modified_gmt":"2019-11-30T20:01:00","slug":"cantinho-da-familia","status":"publish","type":"post","link":"http:\/\/paroquiagloria.org\/v2\/?p=8165","title":{"rendered":"\u201cCANTINHO DA FAM\u00cdLIA\u201d"},"content":{"rendered":"<p><a href=\"http:\/\/paroquiagloria.org\/v2\/wp-content\/uploads\/2019\/11\/CantinhoFamilia.jpg\"><img loading=\"lazy\" class=\"size-full wp-image-8167 aligncenter\" src=\"http:\/\/paroquiagloria.org\/v2\/wp-content\/uploads\/2019\/11\/CantinhoFamilia.jpg\" alt=\"CantinhoFamilia\" width=\"624\" height=\"416\" srcset=\"http:\/\/paroquiagloria.org\/v2\/wp-content\/uploads\/2019\/11\/CantinhoFamilia.jpg 624w, http:\/\/paroquiagloria.org\/v2\/wp-content\/uploads\/2019\/11\/CantinhoFamilia-300x200.jpg 300w, http:\/\/paroquiagloria.org\/v2\/wp-content\/uploads\/2019\/11\/CantinhoFamilia-140x94.jpg 140w\" sizes=\"(max-width: 624px) 100vw, 624px\" \/><\/a><\/p>\n<p>Cada tempo traz as suas crises e a fam\u00edlia n\u00e3o foge \u00e0 regra, por isso se diz que est\u00e1 em crise de mudan\u00e7a e transforma\u00e7\u00e3o. A verdade, por\u00e9m, \u00e9 que, por t\u00e3o r\u00e1pida e profunda, a crise da fam\u00edlia faz doer tanto, mas os n\u00fameros a\u00ed est\u00e3o a provocar-nos:<\/p>\n<p style=\"padding-left: 30px;\">&#8211;\u00a0No nosso pa\u00eds, dos 35000 casamentos efectuados neste ano, apenas 11000 s\u00e3o celebrados na Igreja.<br \/>\n&#8211;\u00a0Os casamentos de pessoas do mesmo sexo rondam os 1000.<br \/>\n&#8211;\u00a0H\u00e1 cerca de 1 milh\u00e3o de pessoas que vive em uni\u00e3o de facto.<br \/>\n&#8211;\u00a0Os div\u00f3rcios realizados no nosso pa\u00eds ascendem aos 23000 e destes, mais de metade s\u00e3o de casamentos celebrados na Igreja.<\/p>\n<p>Os n\u00fameros s\u00e3o o que s\u00e3o, mas devem-nos levar a pensar&#8230; e a agir.<br \/>\nEsta p\u00e1gina do nosso &#8220;Di\u00e1logo&#8221; servir-nos-\u00e1 para mantermos viva, durante todo este ano apost\u00f3lico, a problem\u00e1tica da Fam\u00edlia.<\/p>\n<p>&nbsp;<\/p>\n<p>__________<\/p>\n<p>&nbsp;<\/p>\n<h4>O que diz a Igreja?<\/h4>\n<p>&#8220;O sacramento do Matrim\u00f3nio n\u00e3o \u00e9 uma conven\u00e7\u00e3o social, um rito vazio ou o mero sinal externo de um compromisso. O sacramento \u00e9 um dom para a santifica\u00e7\u00e3o e salva\u00e7\u00e3o dos esposos&#8230; O Matrim\u00f3nio \u00e9 uma voca\u00e7\u00e3o, sendo uma resposta \u00e0 chamada espec\u00edfica para viver o amor conjugal como sinal imperfeito do amor entre Cristo e a igreja. Por isso, a decis\u00e3o de se casar e formar uma fam\u00edlia deve ser fruto de um discernimento vocacional.&#8221; (<em>n\u00b072 da Exorta\u00e7\u00e3o Apost\u00f3lica do Papa Francisco &#8220;Alegria do Amor&#8221;<\/em>).<br \/>\n&#8220;O pacto matrimonial, pelo qual o homem e a mulher constituem entre si a comunh\u00e3o \u00edntima de toda a vida, ordenado por sua \u00edndole natural ao bem dos c\u00f4njuges e \u00e0 procria\u00e7\u00e3o e educa\u00e7\u00e3o da prole, entre os baptizados foi elevado por Cristo Nosso Senhor \u00e0 dignidade de sacramento.&#8221; (<em>C\u00e2none 1055 do C\u00f3digo de Direito Can\u00f3nic<\/em>o)<\/p>\n<p>&nbsp;<\/p>\n<p>_____________<\/p>\n<p><a href=\"http:\/\/paroquiagloria.org\/v2\/wp-content\/uploads\/2016\/12\/gravida.jpg\"><img loading=\"lazy\" class=\"size-full wp-image-5005 aligncenter\" src=\"http:\/\/paroquiagloria.org\/v2\/wp-content\/uploads\/2016\/12\/gravida.jpg\" alt=\"gravida\" width=\"960\" height=\"450\" srcset=\"http:\/\/paroquiagloria.org\/v2\/wp-content\/uploads\/2016\/12\/gravida.jpg 960w, http:\/\/paroquiagloria.org\/v2\/wp-content\/uploads\/2016\/12\/gravida-300x141.jpg 300w\" sizes=\"(max-width: 960px) 100vw, 960px\" \/><\/a><\/p>\n<p><strong>22 de Dezembro, IV Domingo do Advento, Dia de B\u00ean\u00e7\u00e3o<\/strong> especialmente para as pessoas que se encontram em estado de gravidez . Se \u00e9 o seu caso, n\u00e3o hesite em inscrever-se atempadamente na secreta-ria paroquial ou na sacristia, no final das Missas.<br \/>\n\u00c9 uma bela oportunidade para a comunidade crist\u00e3 se alegrar tamb\u00e9m pelo dom da vida, que acolhestes com Amor, e pedir uma especial b\u00ean\u00e7\u00e3o de Deus para o vosso per\u00edodo de gesta\u00e7\u00e3o.<\/p>\n<p>&nbsp;<\/p>\n\r\n\t\t\t<div class='et-tabs-container et_sliderfx_fade et_sliderauto_false et_sliderauto_speed_5000 et_slidertype_top_tabs'>\r\n\t\t\t\t<ul class='et-tabs-control'>\r\n\t\t\t<li><a href='#'>\r\n\t\t\t\r\n\t\t<\/a><\/li>\r\n\t\t<\/ul> <!-- .et-tabs-control --> \r\n\t\t<div class='et-tabs-content'>\r\n\t\t\t<div class='et-tabs-content-wrapper'>\r\n\t\t\t\t<div class='et_slidecontent'>\r\n\t\t\t<strong><span style=\"color: #ff0000;\">Ora\u00e7\u00e3o de B\u00ean\u00e7\u00e3o para a mesa durante a semana:<\/span>\n<\/strong> Senhor Jesus, aben\u00e7oa os alimentos que vamos tomar. Que nesta mesa haja sempre a alegria da Tua palavra: faz-nos viv\u00ea-la diariamente.\nGl\u00f3ria ao Pai, ao Filho e ao Esp\u00edrito Santo, como era no princ\u00edpio, agora e sempre. Amen.\r\n\t\t<\/div>\r\n\t\t\t<\/div>\r\n\t\t<\/div>\r\n\t\t\t<\/div> <!-- .et-tabs-container -->\n","protected":false},"excerpt":{"rendered":"<p>Cada tempo traz as suas crises e a fam\u00edlia n\u00e3o foge \u00e0 regra, por isso se diz que est\u00e1 em crise de mudan\u00e7a e transforma\u00e7\u00e3o. A verdade, por\u00e9m, \u00e9 que, por t\u00e3o r\u00e1pida e profunda, a crise da fam\u00edlia faz doer tanto, mas os n\u00fameros a\u00ed est\u00e3o a provocar-nos: &#8211;\u00a0No nosso pa\u00eds, dos 35000 casamentos [&hellip;]<\/p>\n","protected":false},"author":1,"featured_media":8166,"comment_status":"open","ping_status":"closed","sticky":false,"template":"","format":"standard","meta":{"ngg_post_thumbnail":0},"categories":[1,4,2,6,22],"tags":[],"_links":{"self":[{"href":"http:\/\/paroquiagloria.org\/v2\/index.php?rest_route=\/wp\/v2\/posts\/8165"}],"collection":[{"href":"http:\/\/paroquiagloria.org\/v2\/index.php?rest_route=\/wp\/v2\/posts"}],"about":[{"href":"http:\/\/paroquiagloria.org\/v2\/index.php?rest_route=\/wp\/v2\/types\/post"}],"author":[{"embeddable":true,"href":"http:\/\/paroquiagloria.org\/v2\/index.php?rest_route=\/wp\/v2\/users\/1"}],"replies":[{"embeddable":true,"href":"http:\/\/paroquiagloria.org\/v2\/index.php?rest_route=%2Fwp%2Fv2%2Fcomments&post=8165"}],"version-history":[{"count":2,"href":"http:\/\/paroquiagloria.org\/v2\/index.php?rest_route=\/wp\/v2\/posts\/8165\/revisions"}],"predecessor-version":[{"id":8171,"href":"http:\/\/paroquiagloria.org\/v2\/index.php?rest_route=\/wp\/v2\/posts\/8165\/revisions\/8171"}],"wp:featuredmedia":[{"embeddable":true,"href":"http:\/\/paroquiagloria.org\/v2\/index.php?rest_route=\/wp\/v2\/media\/8166"}],"wp:attachment":[{"href":"http:\/\/paroquiagloria.org\/v2\/index.php?rest_route=%2Fwp%2Fv2%2Fmedia&parent=8165"}],"wp:term":[{"taxonomy":"category","embeddable":true,"href":"http:\/\/paroquiagloria.org\/v2\/index.php?rest_route=%2Fwp%2Fv2%2Fcategories&post=8165"},{"taxonomy":"post_tag","embeddable":true,"href":"http:\/\/paroquiagloria.org\/v2\/index.php?rest_route=%2Fwp%2Fv2%2Ftags&post=8165"}],"curies":[{"name":"wp","href":"https:\/\/api.w.org\/{rel}","templated":true}]}}