{"id":8163,"date":"2019-11-30T19:43:57","date_gmt":"2019-11-30T19:43:57","guid":{"rendered":"http:\/\/paroquiagloria.org\/v2\/?p=8163"},"modified":"2019-11-30T19:43:57","modified_gmt":"2019-11-30T19:43:57","slug":"vestida-de-branco","status":"publish","type":"post","link":"http:\/\/paroquiagloria.org\/v2\/?p=8163","title":{"rendered":"\u00abVestida de Branco\u00bb"},"content":{"rendered":"<p><a href=\"http:\/\/paroquiagloria.org\/v2\/wp-content\/uploads\/2019\/11\/100Fatima.jpg\"><img loading=\"lazy\" class=\"size-full wp-image-8154 aligncenter\" src=\"http:\/\/paroquiagloria.org\/v2\/wp-content\/uploads\/2019\/11\/100Fatima.jpg\" alt=\"100Fatima\" width=\"980\" height=\"653\" srcset=\"http:\/\/paroquiagloria.org\/v2\/wp-content\/uploads\/2019\/11\/100Fatima.jpg 980w, http:\/\/paroquiagloria.org\/v2\/wp-content\/uploads\/2019\/11\/100Fatima-300x200.jpg 300w, http:\/\/paroquiagloria.org\/v2\/wp-content\/uploads\/2019\/11\/100Fatima-140x94.jpg 140w\" sizes=\"(max-width: 980px) 100vw, 980px\" \/><\/a><\/p>\n<p>&nbsp;<\/p>\n<p>A exposi\u00e7\u00e3o \u00abVestida de Branco\u00bb, comemorativa do centen\u00e1rio da primeira escultura de Nossa Senhora de F\u00e1tima, considera que a imagem \u00e9 \u201cmodelo para os acad\u00e9micos e para os artistas de primeira \u00e1gua\u201d.<br \/>\nA escultura de Nossa Senhora do Ros\u00e1rio de F\u00e1tima venerada na Capelinha das Apari\u00e7\u00f5es foi oferecida, em 1920, por Gilberto Santos e \u00e9 uma obra de Jos\u00e9 Ferreira Thedim, \u201cum escultor santeiro, muitas das vezes depreciado pelos acad\u00e9micos, \u00e9 depois modelo para os acad\u00e9micos e para os artistas de primeira \u00e1gua que fazem carreira ao n\u00edvel da arte e da est\u00e9tica\u201d.<br \/>\nFoi inaugurada este s\u00e1bado, no Santu\u00e1rio de F\u00e1tima (Conv\u00edvium de Santo Agostinho) e intitula-se \u00abVestida de Branco\u00bb porque nos relatos da irm\u00e3 L\u00facia, quando foi interrogada, uma das formas de descrever a apari\u00e7\u00e3o foi atrav\u00e9s destas palavras: \u201cA Virgem Maria estava vestida de branco\u201d.<br \/>\nO santu\u00e1rio de F\u00e1tima considera \u201cimportante assinalar esta efem\u00e9ride\u201d atrav\u00e9s de uma exposi\u00e7\u00e3o, \u201cuma forma de comunicar atrav\u00e9s da via da beleza\u201d, e mostra aos peregrinos e outros visitantes, at\u00e9 15 de outubro de 2020, \u201ccomo foi o processo de cria\u00e7\u00e3o da escultura\u201d e como ao longo de v\u00e1rias gera\u00e7\u00f5es, \u201cos crist\u00e3os trabalharam a ideia daquela que se veste de branco, mas tamb\u00e9m se veste de todas as cores\u201d.<br \/>\nfonte: <a href=\"https:\/\/agencia.ecclesia.pt\/portal\/fatima-a-imagem-vestida-de-branco-e-modelo-para-os-artistas-de-primeira-agua-c-video\/\" target=\"_blank\">Ecclesia<\/a><\/p>\n","protected":false},"excerpt":{"rendered":"<p>&nbsp; A exposi\u00e7\u00e3o \u00abVestida de Branco\u00bb, comemorativa do centen\u00e1rio da primeira escultura de Nossa Senhora de F\u00e1tima, considera que a imagem \u00e9 \u201cmodelo para os acad\u00e9micos e para os artistas de primeira \u00e1gua\u201d. A escultura de Nossa Senhora do Ros\u00e1rio de F\u00e1tima venerada na Capelinha das Apari\u00e7\u00f5es foi oferecida, em 1920, por Gilberto Santos e [&hellip;]<\/p>\n","protected":false},"author":1,"featured_media":8156,"comment_status":"open","ping_status":"closed","sticky":false,"template":"","format":"standard","meta":{"ngg_post_thumbnail":0},"categories":[1,4,2,6],"tags":[],"_links":{"self":[{"href":"http:\/\/paroquiagloria.org\/v2\/index.php?rest_route=\/wp\/v2\/posts\/8163"}],"collection":[{"href":"http:\/\/paroquiagloria.org\/v2\/index.php?rest_route=\/wp\/v2\/posts"}],"about":[{"href":"http:\/\/paroquiagloria.org\/v2\/index.php?rest_route=\/wp\/v2\/types\/post"}],"author":[{"embeddable":true,"href":"http:\/\/paroquiagloria.org\/v2\/index.php?rest_route=\/wp\/v2\/users\/1"}],"replies":[{"embeddable":true,"href":"http:\/\/paroquiagloria.org\/v2\/index.php?rest_route=%2Fwp%2Fv2%2Fcomments&post=8163"}],"version-history":[{"count":1,"href":"http:\/\/paroquiagloria.org\/v2\/index.php?rest_route=\/wp\/v2\/posts\/8163\/revisions"}],"predecessor-version":[{"id":8164,"href":"http:\/\/paroquiagloria.org\/v2\/index.php?rest_route=\/wp\/v2\/posts\/8163\/revisions\/8164"}],"wp:featuredmedia":[{"embeddable":true,"href":"http:\/\/paroquiagloria.org\/v2\/index.php?rest_route=\/wp\/v2\/media\/8156"}],"wp:attachment":[{"href":"http:\/\/paroquiagloria.org\/v2\/index.php?rest_route=%2Fwp%2Fv2%2Fmedia&parent=8163"}],"wp:term":[{"taxonomy":"category","embeddable":true,"href":"http:\/\/paroquiagloria.org\/v2\/index.php?rest_route=%2Fwp%2Fv2%2Fcategories&post=8163"},{"taxonomy":"post_tag","embeddable":true,"href":"http:\/\/paroquiagloria.org\/v2\/index.php?rest_route=%2Fwp%2Fv2%2Ftags&post=8163"}],"curies":[{"name":"wp","href":"https:\/\/api.w.org\/{rel}","templated":true}]}}