{"id":8152,"date":"2019-11-30T19:41:37","date_gmt":"2019-11-30T19:41:37","guid":{"rendered":"http:\/\/paroquiagloria.org\/v2\/?p=8152"},"modified":"2019-11-30T19:41:37","modified_gmt":"2019-11-30T19:41:37","slug":"concerto-da-padroeira","status":"publish","type":"post","link":"http:\/\/paroquiagloria.org\/v2\/?p=8152","title":{"rendered":"Concerto da Padroeira"},"content":{"rendered":"<p>&nbsp;<\/p>\n<p><a href=\"http:\/\/paroquiagloria.org\/v2\/wp-content\/uploads\/2019\/11\/ConcertoPadroeira_2019.jpg\"><img loading=\"lazy\" class=\"size-full wp-image-8158 aligncenter\" src=\"http:\/\/paroquiagloria.org\/v2\/wp-content\/uploads\/2019\/11\/ConcertoPadroeira_2019.jpg\" alt=\"ConcertoPadroeira_2019\" width=\"960\" height=\"678\" srcset=\"http:\/\/paroquiagloria.org\/v2\/wp-content\/uploads\/2019\/11\/ConcertoPadroeira_2019.jpg 960w, http:\/\/paroquiagloria.org\/v2\/wp-content\/uploads\/2019\/11\/ConcertoPadroeira_2019-300x212.jpg 300w\" sizes=\"(max-width: 960px) 100vw, 960px\" \/><\/a><\/p>\n<p>Recebemos este ano, para comemorar a nossa Padroeira, na v\u00e9spera da Solenidade da Imaculada Concei\u00e7\u00e3o da Virgem Santa Maria, um concerto de canto, flauta de bisel e \u00f3rg\u00e3o, com obras de G. Haendel, Fontana, Pablo Bruna, J. Cabanilles, entre outros.<br \/>\nAguarda-nos um maravilhoso concerto.<br \/>\n<strong>A entrada \u00e9 livre.<\/strong><\/p>\n","protected":false},"excerpt":{"rendered":"<p>&nbsp; Recebemos este ano, para comemorar a nossa Padroeira, na v\u00e9spera da Solenidade da Imaculada Concei\u00e7\u00e3o da Virgem Santa Maria, um concerto de canto, flauta de bisel e \u00f3rg\u00e3o, com obras de G. Haendel, Fontana, Pablo Bruna, J. Cabanilles, entre outros. Aguarda-nos um maravilhoso concerto. A entrada \u00e9 livre.<\/p>\n","protected":false},"author":1,"featured_media":8157,"comment_status":"open","ping_status":"closed","sticky":false,"template":"","format":"standard","meta":{"ngg_post_thumbnail":0},"categories":[1,4,2,6,22],"tags":[],"_links":{"self":[{"href":"http:\/\/paroquiagloria.org\/v2\/index.php?rest_route=\/wp\/v2\/posts\/8152"}],"collection":[{"href":"http:\/\/paroquiagloria.org\/v2\/index.php?rest_route=\/wp\/v2\/posts"}],"about":[{"href":"http:\/\/paroquiagloria.org\/v2\/index.php?rest_route=\/wp\/v2\/types\/post"}],"author":[{"embeddable":true,"href":"http:\/\/paroquiagloria.org\/v2\/index.php?rest_route=\/wp\/v2\/users\/1"}],"replies":[{"embeddable":true,"href":"http:\/\/paroquiagloria.org\/v2\/index.php?rest_route=%2Fwp%2Fv2%2Fcomments&post=8152"}],"version-history":[{"count":1,"href":"http:\/\/paroquiagloria.org\/v2\/index.php?rest_route=\/wp\/v2\/posts\/8152\/revisions"}],"predecessor-version":[{"id":8160,"href":"http:\/\/paroquiagloria.org\/v2\/index.php?rest_route=\/wp\/v2\/posts\/8152\/revisions\/8160"}],"wp:featuredmedia":[{"embeddable":true,"href":"http:\/\/paroquiagloria.org\/v2\/index.php?rest_route=\/wp\/v2\/media\/8157"}],"wp:attachment":[{"href":"http:\/\/paroquiagloria.org\/v2\/index.php?rest_route=%2Fwp%2Fv2%2Fmedia&parent=8152"}],"wp:term":[{"taxonomy":"category","embeddable":true,"href":"http:\/\/paroquiagloria.org\/v2\/index.php?rest_route=%2Fwp%2Fv2%2Fcategories&post=8152"},{"taxonomy":"post_tag","embeddable":true,"href":"http:\/\/paroquiagloria.org\/v2\/index.php?rest_route=%2Fwp%2Fv2%2Ftags&post=8152"}],"curies":[{"name":"wp","href":"https:\/\/api.w.org\/{rel}","templated":true}]}}