{"id":8144,"date":"2019-11-23T19:35:12","date_gmt":"2019-11-23T19:35:12","guid":{"rendered":"http:\/\/paroquiagloria.org\/v2\/?p=8144"},"modified":"2019-11-23T19:35:12","modified_gmt":"2019-11-23T19:35:12","slug":"familia-escola-de-santidade","status":"publish","type":"post","link":"http:\/\/paroquiagloria.org\/v2\/?p=8144","title":{"rendered":"FAM\u00cdLIA &#8211; Escola de Santidade"},"content":{"rendered":"<p>&nbsp;<\/p>\n<p><a href=\"http:\/\/paroquiagloria.org\/v2\/wp-content\/uploads\/2019\/11\/familia2.jpg\"><img loading=\"lazy\" class=\"size-full wp-image-8140 aligncenter\" src=\"http:\/\/paroquiagloria.org\/v2\/wp-content\/uploads\/2019\/11\/familia2.jpg\" alt=\"familia2\" width=\"670\" height=\"670\" srcset=\"http:\/\/paroquiagloria.org\/v2\/wp-content\/uploads\/2019\/11\/familia2.jpg 670w, http:\/\/paroquiagloria.org\/v2\/wp-content\/uploads\/2019\/11\/familia2-150x150.jpg 150w, http:\/\/paroquiagloria.org\/v2\/wp-content\/uploads\/2019\/11\/familia2-300x300.jpg 300w, http:\/\/paroquiagloria.org\/v2\/wp-content\/uploads\/2019\/11\/familia2-185x185.jpg 185w, http:\/\/paroquiagloria.org\/v2\/wp-content\/uploads\/2019\/11\/familia2-184x184.jpg 184w\" sizes=\"(max-width: 670px) 100vw, 670px\" \/><\/a><\/p>\n<p>&nbsp;<\/p>\n<p>Ao longo de todo este ano, a preocupa\u00e7\u00e3o pastoral da nossa Par\u00f3quia centrou-se no Baptismo e no chamamento \u00e0 santidade que Deus faz a todos os baptizados. Como real\u00e7ou vigorosamente o Conc\u00edlio Vaticano II, todos os disc\u00edpulos de Cristo, cada um segundo o seu estado, situa\u00e7\u00e3o e carisma pr\u00f3prio, s\u00e3o chamados \u00e0 santidade crist\u00e3 em qualquer situa\u00e7\u00e3o social e laboral: na fam\u00edlia e no Matrim\u00f3nio ou na Vida Consagrada, no trabalho de casa ou na oficina, no hospital ou no ensino, no escrit\u00f3rio ou no campo, atr\u00e1s do balc\u00e3o, do postigo da reparti\u00e7\u00e3o ou do volante.<br \/>\nO ano que no pr\u00f3ximo Domingo come\u00e7a com o Advento, sem esquecermos que somos disc\u00edpulos de Cristo, vai-nos mobilizar para a Fam\u00edlia, como a melhor das escolas de viv\u00eancia e transmiss\u00e3o de valores e, como Igreja Dom\u00e9stica, verdadeira Escola de Santidade.<br \/>\nPortanto, tudo quanto possa ajudar as fam\u00edlias a progredir ao longo da vida no amor, a superar dificuldades, a evitar rupturas&#8230; e a celebrar crist\u00e3mente toda a realidade familiar \u00e9 bem-vindo e deve ser considerado priorit\u00e1rio por todos os agentes de pastoral da nossa Par\u00f3quia.<br \/>\nN\u00e3o se estranhe, pois, o relevo dado \u00e0 Fam\u00edlia e ao Sacramento do Matrim\u00f3nio ao longo de todo este ano, na nossa Par\u00f3quia, em comunh\u00e3o, ali\u00e1s, com toda a Diocese de Aveiro e sempre \u00e0 luz do Magist\u00e9rio da Igreja Local e Universal.<\/p>\n<p>&nbsp;<\/p>\n","protected":false},"excerpt":{"rendered":"<p>&nbsp; &nbsp; Ao longo de todo este ano, a preocupa\u00e7\u00e3o pastoral da nossa Par\u00f3quia centrou-se no Baptismo e no chamamento \u00e0 santidade que Deus faz a todos os baptizados. Como real\u00e7ou vigorosamente o Conc\u00edlio Vaticano II, todos os disc\u00edpulos de Cristo, cada um segundo o seu estado, situa\u00e7\u00e3o e carisma pr\u00f3prio, s\u00e3o chamados \u00e0 santidade [&hellip;]<\/p>\n","protected":false},"author":1,"featured_media":8145,"comment_status":"open","ping_status":"closed","sticky":false,"template":"","format":"standard","meta":{"ngg_post_thumbnail":0},"categories":[1,4,2,6,22],"tags":[],"_links":{"self":[{"href":"http:\/\/paroquiagloria.org\/v2\/index.php?rest_route=\/wp\/v2\/posts\/8144"}],"collection":[{"href":"http:\/\/paroquiagloria.org\/v2\/index.php?rest_route=\/wp\/v2\/posts"}],"about":[{"href":"http:\/\/paroquiagloria.org\/v2\/index.php?rest_route=\/wp\/v2\/types\/post"}],"author":[{"embeddable":true,"href":"http:\/\/paroquiagloria.org\/v2\/index.php?rest_route=\/wp\/v2\/users\/1"}],"replies":[{"embeddable":true,"href":"http:\/\/paroquiagloria.org\/v2\/index.php?rest_route=%2Fwp%2Fv2%2Fcomments&post=8144"}],"version-history":[{"count":1,"href":"http:\/\/paroquiagloria.org\/v2\/index.php?rest_route=\/wp\/v2\/posts\/8144\/revisions"}],"predecessor-version":[{"id":8146,"href":"http:\/\/paroquiagloria.org\/v2\/index.php?rest_route=\/wp\/v2\/posts\/8144\/revisions\/8146"}],"wp:featuredmedia":[{"embeddable":true,"href":"http:\/\/paroquiagloria.org\/v2\/index.php?rest_route=\/wp\/v2\/media\/8145"}],"wp:attachment":[{"href":"http:\/\/paroquiagloria.org\/v2\/index.php?rest_route=%2Fwp%2Fv2%2Fmedia&parent=8144"}],"wp:term":[{"taxonomy":"category","embeddable":true,"href":"http:\/\/paroquiagloria.org\/v2\/index.php?rest_route=%2Fwp%2Fv2%2Fcategories&post=8144"},{"taxonomy":"post_tag","embeddable":true,"href":"http:\/\/paroquiagloria.org\/v2\/index.php?rest_route=%2Fwp%2Fv2%2Ftags&post=8144"}],"curies":[{"name":"wp","href":"https:\/\/api.w.org\/{rel}","templated":true}]}}