{"id":8142,"date":"2019-11-23T19:33:52","date_gmt":"2019-11-23T19:33:52","guid":{"rendered":"http:\/\/paroquiagloria.org\/v2\/?p=8142"},"modified":"2019-11-23T19:33:52","modified_gmt":"2019-11-23T19:33:52","slug":"caminhada-de-advento-rumo-a-pascoa","status":"publish","type":"post","link":"http:\/\/paroquiagloria.org\/v2\/?p=8142","title":{"rendered":"Caminhada de Advento, rumo \u00e0 P\u00e1scoa\u2026"},"content":{"rendered":"<p><a href=\"http:\/\/paroquiagloria.org\/v2\/wp-content\/uploads\/2019\/11\/advento_2019.jpg\"><img loading=\"lazy\" class=\"size-full wp-image-8137 aligncenter\" src=\"http:\/\/paroquiagloria.org\/v2\/wp-content\/uploads\/2019\/11\/advento_2019.jpg\" alt=\"advento_2019\" width=\"788\" height=\"381\" srcset=\"http:\/\/paroquiagloria.org\/v2\/wp-content\/uploads\/2019\/11\/advento_2019.jpg 788w, http:\/\/paroquiagloria.org\/v2\/wp-content\/uploads\/2019\/11\/advento_2019-300x145.jpg 300w\" sizes=\"(max-width: 788px) 100vw, 788px\" \/><\/a><\/p>\n<p>&nbsp;<\/p>\n<h3><em>Lema Diocesano:<\/em> Fam\u00edlia, voca\u00e7\u00e3o de Amor e caminho de Santidade!<\/h3>\n<p>Esta proposta de caminho assenta nos pressupostos do Programa Diocesano de Pastoral para 2019\/2020, nomeadamente nos seguintes:<br \/>\n<strong>1)<\/strong> A fam\u00edlia n\u00e3o \u00e9 s\u00f3 destinat\u00e1ria da ac\u00e7\u00e3o pastoral da Igreja, mas tamb\u00e9m protagonista dessa miss\u00e3o.<br \/>\n<strong>2)<\/strong> \u00c9 cada vez mais urgente criar cultura de fam\u00edlia: desenvolver uma cultura assente nos valores da fam\u00edlia, onde se conhecem, promovem e defendem os direitos da fam\u00edlia e dos seus membros, sobretudo nas situa\u00e7\u00f5es de maior vulnerabilidade;<br \/>\n<strong>3)<\/strong> \u00c9 necess\u00e1rio que as fam\u00edlias aprendam a narrar e a celebrar a realidade da fam\u00edlia, o tempo, as festas, os sucessos e os fracassos em chave crist\u00e3.<\/p>\n<p style=\"text-align: right;\"><em>(Programa Diocesano de Pastoral 2019\/2020, Introdu\u00e7\u00e3o, ponto I)<\/em><\/p>\n<p><a href=\"http:\/\/www.diocese-aveiro.pt\/v2\/?p=18755\" target=\"_blank\">MAIS INFORMA\u00c7\u00d5ES<\/a><\/p>\n<p>&nbsp;<\/p>\n","protected":false},"excerpt":{"rendered":"<p>&nbsp; Lema Diocesano: Fam\u00edlia, voca\u00e7\u00e3o de Amor e caminho de Santidade! Esta proposta de caminho assenta nos pressupostos do Programa Diocesano de Pastoral para 2019\/2020, nomeadamente nos seguintes: 1) A fam\u00edlia n\u00e3o \u00e9 s\u00f3 destinat\u00e1ria da ac\u00e7\u00e3o pastoral da Igreja, mas tamb\u00e9m protagonista dessa miss\u00e3o. 2) \u00c9 cada vez mais urgente criar cultura de fam\u00edlia: [&hellip;]<\/p>\n","protected":false},"author":1,"featured_media":8138,"comment_status":"open","ping_status":"closed","sticky":false,"template":"","format":"standard","meta":{"ngg_post_thumbnail":0},"categories":[1,4,2,6,22],"tags":[],"_links":{"self":[{"href":"http:\/\/paroquiagloria.org\/v2\/index.php?rest_route=\/wp\/v2\/posts\/8142"}],"collection":[{"href":"http:\/\/paroquiagloria.org\/v2\/index.php?rest_route=\/wp\/v2\/posts"}],"about":[{"href":"http:\/\/paroquiagloria.org\/v2\/index.php?rest_route=\/wp\/v2\/types\/post"}],"author":[{"embeddable":true,"href":"http:\/\/paroquiagloria.org\/v2\/index.php?rest_route=\/wp\/v2\/users\/1"}],"replies":[{"embeddable":true,"href":"http:\/\/paroquiagloria.org\/v2\/index.php?rest_route=%2Fwp%2Fv2%2Fcomments&post=8142"}],"version-history":[{"count":1,"href":"http:\/\/paroquiagloria.org\/v2\/index.php?rest_route=\/wp\/v2\/posts\/8142\/revisions"}],"predecessor-version":[{"id":8143,"href":"http:\/\/paroquiagloria.org\/v2\/index.php?rest_route=\/wp\/v2\/posts\/8142\/revisions\/8143"}],"wp:featuredmedia":[{"embeddable":true,"href":"http:\/\/paroquiagloria.org\/v2\/index.php?rest_route=\/wp\/v2\/media\/8138"}],"wp:attachment":[{"href":"http:\/\/paroquiagloria.org\/v2\/index.php?rest_route=%2Fwp%2Fv2%2Fmedia&parent=8142"}],"wp:term":[{"taxonomy":"category","embeddable":true,"href":"http:\/\/paroquiagloria.org\/v2\/index.php?rest_route=%2Fwp%2Fv2%2Fcategories&post=8142"},{"taxonomy":"post_tag","embeddable":true,"href":"http:\/\/paroquiagloria.org\/v2\/index.php?rest_route=%2Fwp%2Fv2%2Ftags&post=8142"}],"curies":[{"name":"wp","href":"https:\/\/api.w.org\/{rel}","templated":true}]}}