{"id":8135,"date":"2019-11-23T19:31:43","date_gmt":"2019-11-23T19:31:43","guid":{"rendered":"http:\/\/paroquiagloria.org\/v2\/?p=8135"},"modified":"2019-11-23T19:31:43","modified_gmt":"2019-11-23T19:31:43","slug":"convivio-fraterno-3","status":"publish","type":"post","link":"http:\/\/paroquiagloria.org\/v2\/?p=8135","title":{"rendered":"Conv\u00edvio Fraterno"},"content":{"rendered":"<p><a href=\"http:\/\/paroquiagloria.org\/v2\/wp-content\/uploads\/2019\/11\/convivio-fraterno.jpg\"><img loading=\"lazy\" class=\"alignnone size-full wp-image-8136\" src=\"http:\/\/paroquiagloria.org\/v2\/wp-content\/uploads\/2019\/11\/convivio-fraterno.jpg\" alt=\"convivio-fraterno\" width=\"960\" height=\"271\" srcset=\"http:\/\/paroquiagloria.org\/v2\/wp-content\/uploads\/2019\/11\/convivio-fraterno.jpg 960w, http:\/\/paroquiagloria.org\/v2\/wp-content\/uploads\/2019\/11\/convivio-fraterno-300x85.jpg 300w\" sizes=\"(max-width: 960px) 100vw, 960px\" \/><\/a><\/p>\n<p>&nbsp;<\/p>\n<p>O Conv\u00edvio fraterno \u201c\u00e9 uma experi\u00eancia de primeiro an\u00fancio que tem como objetivo despertar os jovens para a f\u00e9, orientando-os sempre para a viv\u00eancia comunit\u00e1ria da f\u00e9 que os leve a refletir sobre si pr\u00f3prios, os outros e Deus\u201d.<br \/>\nEsta edi\u00e7\u00e3o decorre de 19 a 22 de dezembro de 2019. A data limite de inscri\u00e7\u00e3o \u00e9 dia 8 de dezembro. Para mais informa\u00e7\u00f5es e inscri\u00e7\u00e3o pode contactar o secretariado dos Conv\u00edvios Fraternos atrav\u00e9s do e-mail: cfdioceseaveiro@gmail.com.<\/p>\n<p>&nbsp;<\/p>\n<p>Mais informa\u00e7\u00f5es <a href=\"http:\/\/www.diocese-aveiro.pt\/v2\/?p=18729\" target=\"_blank\">AQUI<\/a><\/p>\n","protected":false},"excerpt":{"rendered":"<p>&nbsp; O Conv\u00edvio fraterno \u201c\u00e9 uma experi\u00eancia de primeiro an\u00fancio que tem como objetivo despertar os jovens para a f\u00e9, orientando-os sempre para a viv\u00eancia comunit\u00e1ria da f\u00e9 que os leve a refletir sobre si pr\u00f3prios, os outros e Deus\u201d. Esta edi\u00e7\u00e3o decorre de 19 a 22 de dezembro de 2019. A data limite de [&hellip;]<\/p>\n","protected":false},"author":1,"featured_media":8139,"comment_status":"open","ping_status":"closed","sticky":false,"template":"","format":"standard","meta":{"ngg_post_thumbnail":0},"categories":[1,4,2,6],"tags":[],"_links":{"self":[{"href":"http:\/\/paroquiagloria.org\/v2\/index.php?rest_route=\/wp\/v2\/posts\/8135"}],"collection":[{"href":"http:\/\/paroquiagloria.org\/v2\/index.php?rest_route=\/wp\/v2\/posts"}],"about":[{"href":"http:\/\/paroquiagloria.org\/v2\/index.php?rest_route=\/wp\/v2\/types\/post"}],"author":[{"embeddable":true,"href":"http:\/\/paroquiagloria.org\/v2\/index.php?rest_route=\/wp\/v2\/users\/1"}],"replies":[{"embeddable":true,"href":"http:\/\/paroquiagloria.org\/v2\/index.php?rest_route=%2Fwp%2Fv2%2Fcomments&post=8135"}],"version-history":[{"count":1,"href":"http:\/\/paroquiagloria.org\/v2\/index.php?rest_route=\/wp\/v2\/posts\/8135\/revisions"}],"predecessor-version":[{"id":8141,"href":"http:\/\/paroquiagloria.org\/v2\/index.php?rest_route=\/wp\/v2\/posts\/8135\/revisions\/8141"}],"wp:featuredmedia":[{"embeddable":true,"href":"http:\/\/paroquiagloria.org\/v2\/index.php?rest_route=\/wp\/v2\/media\/8139"}],"wp:attachment":[{"href":"http:\/\/paroquiagloria.org\/v2\/index.php?rest_route=%2Fwp%2Fv2%2Fmedia&parent=8135"}],"wp:term":[{"taxonomy":"category","embeddable":true,"href":"http:\/\/paroquiagloria.org\/v2\/index.php?rest_route=%2Fwp%2Fv2%2Fcategories&post=8135"},{"taxonomy":"post_tag","embeddable":true,"href":"http:\/\/paroquiagloria.org\/v2\/index.php?rest_route=%2Fwp%2Fv2%2Ftags&post=8135"}],"curies":[{"name":"wp","href":"https:\/\/api.w.org\/{rel}","templated":true}]}}