{"id":8129,"date":"2019-11-16T19:50:06","date_gmt":"2019-11-16T19:50:06","guid":{"rendered":"http:\/\/paroquiagloria.org\/v2\/?p=8129"},"modified":"2019-11-16T19:50:06","modified_gmt":"2019-11-16T19:50:06","slug":"a-ultima-palavra","status":"publish","type":"post","link":"http:\/\/paroquiagloria.org\/v2\/?p=8129","title":{"rendered":"A \u00faltima Palavra!"},"content":{"rendered":"<p>&nbsp;<\/p>\n<p><a href=\"http:\/\/paroquiagloria.org\/v2\/wp-content\/uploads\/2013\/01\/33dtc_C.jpg\"><img loading=\"lazy\" class=\"size-full wp-image-8116 aligncenter\" src=\"http:\/\/paroquiagloria.org\/v2\/wp-content\/uploads\/2013\/01\/33dtc_C.jpg\" alt=\"33dtc_C\" width=\"950\" height=\"684\" srcset=\"http:\/\/paroquiagloria.org\/v2\/wp-content\/uploads\/2013\/01\/33dtc_C.jpg 950w, http:\/\/paroquiagloria.org\/v2\/wp-content\/uploads\/2013\/01\/33dtc_C-300x216.jpg 300w\" sizes=\"(max-width: 950px) 100vw, 950px\" \/><\/a><\/p>\n<p style=\"text-align: justify;\">Com o ano lit\u00fargico a caminhar para o fim, s\u00e3o bem avisadas as palavras do Evangelho deste domingo, o XXXIII do Tempo Comum, ao dizer-nos que <em>&#8220;dias vir\u00e3o em que, de tudo o que estais a ver, n\u00e3o ficar\u00e1 pedra sobre pedra&#8221;.<\/em> N\u00e3o \u00e9 amea\u00e7a, sintoma de impaci\u00eancia ou sinal de arrependimento de Deus por nos ter criado, mas alerta oportuno, porque, como diz o povo, &#8220;quem nos avisa nosso amigo \u00e9&#8221;.<br \/>\nCada momento da hist\u00f3ria tem obst\u00e1culos e potencialidades, apresenta luzes e sombras, regista nascimentos e mortes. Em cada dia h\u00e1 um mundo que morre e outro que nasce, em processo mais dram\u00e1tico e doloroso pelos muros que se erguem, pelas trincheiras que se cavam, pelo desrespeito pela vida e dignidade do ser humano, pelo desleixo e abuso com que se &#8220;cuida&#8221; a casa comum, que \u00e9 o nosso planeta, etc, etc.<br \/>\nH\u00e1 terramotos, inunda\u00e7\u00f5es, tsunamis, fomes, pestes e outros acontecimentos tr\u00e1gicos, sim, mas tamb\u00e9m \u00f3dios que se alimentam, guerras que se promovem e injusti\u00e7as que se fazem &#8230; num caldo de viol\u00eancia e de morte, de que somos respons\u00e1veis. No meio de tudo isto, por\u00e9m, a \u00faltima palavra \u00e9 de Deus. Uma palavra de ternura e conforto que sustenta a nossa esperan\u00e7a, uma palavra reveladora de aten\u00e7\u00e3o permanente aos mais pequenos detalhes da nossa vida, porque nem um cabelo se perder\u00e1, se formos perseverantes.<\/p>\n<p style=\"text-align: right;\">\nP. Fausto<\/p>\n<p style=\"text-align: right;\"><em>in<\/em> Di\u00e1logo n\u00ba1675 (XXXIII Domingo do Tempo Comum &#8211; Ano C)<\/p>\n","protected":false},"excerpt":{"rendered":"<p>&nbsp; Com o ano lit\u00fargico a caminhar para o fim, s\u00e3o bem avisadas as palavras do Evangelho deste domingo, o XXXIII do Tempo Comum, ao dizer-nos que &#8220;dias vir\u00e3o em que, de tudo o que estais a ver, n\u00e3o ficar\u00e1 pedra sobre pedra&#8221;. N\u00e3o \u00e9 amea\u00e7a, sintoma de impaci\u00eancia ou sinal de arrependimento de Deus [&hellip;]<\/p>\n","protected":false},"author":1,"featured_media":8127,"comment_status":"open","ping_status":"closed","sticky":false,"template":"","format":"standard","meta":{"ngg_post_thumbnail":0},"categories":[1,4,2,6,17],"tags":[],"_links":{"self":[{"href":"http:\/\/paroquiagloria.org\/v2\/index.php?rest_route=\/wp\/v2\/posts\/8129"}],"collection":[{"href":"http:\/\/paroquiagloria.org\/v2\/index.php?rest_route=\/wp\/v2\/posts"}],"about":[{"href":"http:\/\/paroquiagloria.org\/v2\/index.php?rest_route=\/wp\/v2\/types\/post"}],"author":[{"embeddable":true,"href":"http:\/\/paroquiagloria.org\/v2\/index.php?rest_route=\/wp\/v2\/users\/1"}],"replies":[{"embeddable":true,"href":"http:\/\/paroquiagloria.org\/v2\/index.php?rest_route=%2Fwp%2Fv2%2Fcomments&post=8129"}],"version-history":[{"count":1,"href":"http:\/\/paroquiagloria.org\/v2\/index.php?rest_route=\/wp\/v2\/posts\/8129\/revisions"}],"predecessor-version":[{"id":8130,"href":"http:\/\/paroquiagloria.org\/v2\/index.php?rest_route=\/wp\/v2\/posts\/8129\/revisions\/8130"}],"wp:featuredmedia":[{"embeddable":true,"href":"http:\/\/paroquiagloria.org\/v2\/index.php?rest_route=\/wp\/v2\/media\/8127"}],"wp:attachment":[{"href":"http:\/\/paroquiagloria.org\/v2\/index.php?rest_route=%2Fwp%2Fv2%2Fmedia&parent=8129"}],"wp:term":[{"taxonomy":"category","embeddable":true,"href":"http:\/\/paroquiagloria.org\/v2\/index.php?rest_route=%2Fwp%2Fv2%2Fcategories&post=8129"},{"taxonomy":"post_tag","embeddable":true,"href":"http:\/\/paroquiagloria.org\/v2\/index.php?rest_route=%2Fwp%2Fv2%2Ftags&post=8129"}],"curies":[{"name":"wp","href":"https:\/\/api.w.org\/{rel}","templated":true}]}}