{"id":8124,"date":"2019-11-16T19:48:04","date_gmt":"2019-11-16T19:48:04","guid":{"rendered":"http:\/\/paroquiagloria.org\/v2\/?p=8124"},"modified":"2019-11-16T19:48:04","modified_gmt":"2019-11-16T19:48:04","slug":"carta-apostolica-maximum-illud","status":"publish","type":"post","link":"http:\/\/paroquiagloria.org\/v2\/?p=8124","title":{"rendered":"Carta Apost\u00f3lica  \u201cMaximum Illud\u201d"},"content":{"rendered":"<p><a href=\"http:\/\/paroquiagloria.org\/v2\/wp-content\/uploads\/2019\/11\/encontro_Maximum-Illud_30-nov.jpg\"><img loading=\"lazy\" class=\"size-large wp-image-8125 aligncenter\" src=\"http:\/\/paroquiagloria.org\/v2\/wp-content\/uploads\/2019\/11\/encontro_Maximum-Illud_30-nov-1024x768.jpg\" alt=\"encontro_Maximum-Illud_30-nov\" width=\"1024\" height=\"768\" srcset=\"http:\/\/paroquiagloria.org\/v2\/wp-content\/uploads\/2019\/11\/encontro_Maximum-Illud_30-nov.jpg 1024w, http:\/\/paroquiagloria.org\/v2\/wp-content\/uploads\/2019\/11\/encontro_Maximum-Illud_30-nov-300x225.jpg 300w\" sizes=\"(max-width: 1024px) 100vw, 1024px\" \/><\/a><\/p>\n<p>No dia 30 de novembro, dia em que se assinalam os 100 anos da promulga\u00e7\u00e3o da Carta Apost\u00f3lica \u201cMaximum Illud\u201d (que esteve na origem da convoca\u00e7\u00e3o do M\u00eas Mission\u00e1rio Extraordin\u00e1rio), haver\u00e1 um encontro de reflex\u00e3o orientado pelo padre Ant\u00f3nio Leite, svd, \u00e0s 21h na Igreja de Santo Ant\u00f3nio em Aveiro sobre esta mesma Carta Apost\u00f3lica que nos fala das miss\u00f5es e da atividade desenvolvida pelos mission\u00e1rios no mundo.<br \/>\nEste encontro \u00e9 aberto a todos!<\/p>\n<p>&nbsp;<\/p>\n<p>mais informa\u00e7\u00f5es <a href=\"http:\/\/www.diocese-aveiro.pt\/v2\/?p=18699\" target=\"_blank\">AQUI<\/a><\/p>\n","protected":false},"excerpt":{"rendered":"<p>No dia 30 de novembro, dia em que se assinalam os 100 anos da promulga\u00e7\u00e3o da Carta Apost\u00f3lica \u201cMaximum Illud\u201d (que esteve na origem da convoca\u00e7\u00e3o do M\u00eas Mission\u00e1rio Extraordin\u00e1rio), haver\u00e1 um encontro de reflex\u00e3o orientado pelo padre Ant\u00f3nio Leite, svd, \u00e0s 21h na Igreja de Santo Ant\u00f3nio em Aveiro sobre esta mesma Carta Apost\u00f3lica [&hellip;]<\/p>\n","protected":false},"author":1,"featured_media":8126,"comment_status":"open","ping_status":"closed","sticky":false,"template":"","format":"standard","meta":{"ngg_post_thumbnail":0},"categories":[1,4,2,6],"tags":[],"_links":{"self":[{"href":"http:\/\/paroquiagloria.org\/v2\/index.php?rest_route=\/wp\/v2\/posts\/8124"}],"collection":[{"href":"http:\/\/paroquiagloria.org\/v2\/index.php?rest_route=\/wp\/v2\/posts"}],"about":[{"href":"http:\/\/paroquiagloria.org\/v2\/index.php?rest_route=\/wp\/v2\/types\/post"}],"author":[{"embeddable":true,"href":"http:\/\/paroquiagloria.org\/v2\/index.php?rest_route=\/wp\/v2\/users\/1"}],"replies":[{"embeddable":true,"href":"http:\/\/paroquiagloria.org\/v2\/index.php?rest_route=%2Fwp%2Fv2%2Fcomments&post=8124"}],"version-history":[{"count":1,"href":"http:\/\/paroquiagloria.org\/v2\/index.php?rest_route=\/wp\/v2\/posts\/8124\/revisions"}],"predecessor-version":[{"id":8128,"href":"http:\/\/paroquiagloria.org\/v2\/index.php?rest_route=\/wp\/v2\/posts\/8124\/revisions\/8128"}],"wp:featuredmedia":[{"embeddable":true,"href":"http:\/\/paroquiagloria.org\/v2\/index.php?rest_route=\/wp\/v2\/media\/8126"}],"wp:attachment":[{"href":"http:\/\/paroquiagloria.org\/v2\/index.php?rest_route=%2Fwp%2Fv2%2Fmedia&parent=8124"}],"wp:term":[{"taxonomy":"category","embeddable":true,"href":"http:\/\/paroquiagloria.org\/v2\/index.php?rest_route=%2Fwp%2Fv2%2Fcategories&post=8124"},{"taxonomy":"post_tag","embeddable":true,"href":"http:\/\/paroquiagloria.org\/v2\/index.php?rest_route=%2Fwp%2Fv2%2Ftags&post=8124"}],"curies":[{"name":"wp","href":"https:\/\/api.w.org\/{rel}","templated":true}]}}