{"id":8121,"date":"2019-11-16T19:43:42","date_gmt":"2019-11-16T19:43:42","guid":{"rendered":"http:\/\/paroquiagloria.org\/v2\/?p=8121"},"modified":"2019-11-16T19:43:42","modified_gmt":"2019-11-16T19:43:42","slug":"semana-dos-seminarios-2019-2","status":"publish","type":"post","link":"http:\/\/paroquiagloria.org\/v2\/?p=8121","title":{"rendered":"SEMANA DOS SEMIN\u00c1RIOS &#8211;  2019"},"content":{"rendered":"<p>&nbsp;<\/p>\n<h1>\u201cCristo n\u00e3o pensa apenas naquilo que tu \u00e9s mas naquilo que poder\u00e1s chegar a ser\u201d<\/h1>\n<p>&nbsp;<\/p>\n<p><a href=\"http:\/\/paroquiagloria.org\/v2\/wp-content\/uploads\/2013\/02\/2019_cartaz-01_small.jpg\"><img loading=\"lazy\" class=\"size-large wp-image-8087 aligncenter\" src=\"http:\/\/paroquiagloria.org\/v2\/wp-content\/uploads\/2013\/02\/2019_cartaz-01_small-724x1024.jpg\" alt=\"2019_cartaz-01_small\" width=\"724\" height=\"1024\" srcset=\"http:\/\/paroquiagloria.org\/v2\/wp-content\/uploads\/2013\/02\/2019_cartaz-01_small-724x1024.jpg 724w, http:\/\/paroquiagloria.org\/v2\/wp-content\/uploads\/2013\/02\/2019_cartaz-01_small-212x300.jpg 212w, http:\/\/paroquiagloria.org\/v2\/wp-content\/uploads\/2013\/02\/2019_cartaz-01_small.jpg 1754w\" sizes=\"(max-width: 724px) 100vw, 724px\" \/><\/a><\/p>\n<h3 style=\"text-align: justify;\"><strong>Jovem, eu te digo, levanta-te! <\/strong><em>(Lc 7, 14)<\/em><\/h3>\n<p style=\"text-align: justify;\">\n(&#8230;)<br \/>\nPara Deus que chama, n\u00e3o importa o que cada um \u00e9; a sua hist\u00f3ria \u00e9 uma hist\u00f3ria de amor e supera\u00e7\u00e3o, pois \u00e9 nela que podemos descobrir a vontade de Deus. &#8220;Para realizar a pr\u00f3pria voca\u00e7\u00e3o, \u00e9 necess\u00e1rio desenvolver-se, fazer germinar e crescer tudo aquilo que uma pessoa \u00e9. N\u00e3o se trata de inventar-se, criar-se a si mesmo do nada, mas descobrir-se a si mesmo \u00e0 luz de Deus e fazer florescer o pr\u00f3prio ser&#8221; (CV 257).<br \/>\nSer &#8220;jovem em Cristo&#8221; significa viver a vida a partir do seu encontro com Ele, consciente de que &#8220;eu preciso de escutar a sua voz para me deixar moldar e conduzir por Ele. Ent\u00e3o serei o que devo ser, e serei tamb\u00e9m fiel \u00e0 minha realidade pessoal&#8221; (CV 256). A primeira exig\u00eancia de quem ama e procura a Verdade \u00e9 confiar e p\u00f4r-se a caminho. Ir em frente sem medo \u00e9 a a\u00e7\u00e3o, a qualidade e o prop\u00f3sito daqueles que s\u00e3o chamados por Cristo a fazer disc\u00edpulos. &#8220;Jovem, eu te digo, levanta-te!&#8221; (Lc 7, 14), uma ordem que Jesus Cristo deu ao ressuscitar o jovem filho \u00fanico da vi\u00fava de Naim, \u00e9 tamb\u00e9m o chamamento que o Senhor faz a todos e a cada um de n\u00f3s. Jesus ressuscitou e quer fazer-nos participantes da novidade da sua ressurrei\u00e7\u00e3o. \u00c9 como ressuscitado que Ele continua a vir ao nosso encontro, nos conquista e nos renova: &#8220;Por mais que te possas afastar, junto de ti est\u00e1 o Ressuscitado, que te chama e espera por ti para recome\u00e7ar. Quando te sentires envelhecido pela tristeza, os rancores, os medos, as d\u00favidas ou os fracassos, Jesus estar\u00e1 a teu lado para te devolver a for\u00e7a e a esperan\u00e7a&#8221; (CV 2).<br \/>\n(&#8230;)<\/p>\n<p style=\"text-align: right;\">\nda <a href=\"http:\/\/paroquiagloria.org\/v2\/wp-content\/uploads\/2019\/11\/Semana-Semin\u00e1rios-2019x.pdf\" target=\"_blank\">Nota Pastoral da Semana dos Semin\u00e1rios 2019<\/a><br \/>\nD. Ant\u00f3nio Manuel Moiteiro Ramos<\/p>\n<p style=\"text-align: right;\">\n<h3 style=\"text-align: justify;\"><strong>Biblioteca &#8211;\u00a0D. Ant\u00f3nio Francisco dos Santos<\/strong><\/h3>\n<p style=\"text-align: justify;\"><img class=\"aligncenter\" src=\"https:\/\/agencia.ecclesia.pt\/portal\/wp-content\/uploads\/2019\/10\/Aveiro_BIBLIOTECA-D.-ANT%C3%93NIO-FRANCISCO-DOS-SANTOS.jpg\" alt=\"\" \/><\/p>\n<p style=\"text-align: justify;\">A Diocese de Aveiro inaugurou esta quinta-feira a biblioteca D. Ant\u00f3nio Francisco dos Santos, no semin\u00e1rio, um espa\u00e7o de portas abertas para a cidade que homenageia o \u201ctrabalho apost\u00f3lico\u201d do antigo bispo, falecido em 2017.<br \/>\n\u201cRepresenta o carinho da nossa parte pelo seu episcopado e pela sua forma de ser pastor na diocese, onde \u00e9 querido e recordado\u201d, disse D. Ant\u00f3nio Moiteiro, bispo de Aveiro, falando sobre o seu antecessor.<br \/>\n\u201cVamos vendo os textos e aquilo que o Sr. D. Ant\u00f3nio nos ia dizendo e percebemos como queria o bem desta casa e tinha consci\u00eancia da import\u00e2ncia sacerdotal, do cuidado da forma\u00e7\u00e3o e da paci\u00eancia que era necess\u00e1rio para esta forma\u00e7\u00e3o\u201d, salientou o padre Jo\u00e3o Santos, reitor do Semin\u00e1rio. \u201cO grande objetivo \u00e9 promover a forma\u00e7\u00e3o crist\u00e3 para os nossos leigos, ser uma refer\u00eancia e tamb\u00e9m o sinal de uma biblioteca religiosa na cidade de Aveiro\u201d, acrescentou.<br \/>\nD. Ant\u00f3nio Moiteiro destacou que o semin\u00e1rio \u00e9 \u201cum espa\u00e7o de cultura\u201d e explicou tamb\u00e9m que decidiram ampliar a biblioteca porque precisavam de \u201ctratar convenientemente o esp\u00f3lio de livro antigo\u201d, alargar o espa\u00e7o e catalogar.<\/p>\n<p style=\"text-align: justify;\">fonte: <a href=\"https:\/\/agencia.ecclesia.pt\/portal\/aveiro-seminario-inaugurou-biblioteca-d-antonio-francisco-dos-santos-com-portas-abertas-para-a-cidade\/\" target=\"_blank\">ecclesia<\/a>\u00a0e <a href=\"https:\/\/agencia.ecclesia.pt\/portal\/aveiro-diocese-inaugura-biblioteca-d-antonio-francisco-dos-santos\/\" target=\"_blank\">ecclesia<\/a><\/p>\n<p style=\"text-align: justify;\">\n<p style=\"text-align: justify;\">\n<h3 style=\"text-align: justify;\">Open Day \u2013 no Semin\u00e1rio<\/h3>\n<p style=\"text-align: justify;\">\n<p style=\"text-align: justify;\">Decorre no pr\u00f3ximo dia <strong>30 de Novembro, S\u00e1bado, entre as 9h30 at\u00e9 \u00e0s 18h00<\/strong>. Para aumentar a abrang\u00eancia do habitual encontro de rapazes do 5\u00ba e 6\u00ba anos, o Semin\u00e1rio passa a convidar tamb\u00e9m as raparigas que assim queiram ter um tempo de visita ao Semin\u00e1rio e de proposta vocacional.<\/p>\n","protected":false},"excerpt":{"rendered":"<p>&nbsp; \u201cCristo n\u00e3o pensa apenas naquilo que tu \u00e9s mas naquilo que poder\u00e1s chegar a ser\u201d &nbsp; Jovem, eu te digo, levanta-te! (Lc 7, 14) (&#8230;) Para Deus que chama, n\u00e3o importa o que cada um \u00e9; a sua hist\u00f3ria \u00e9 uma hist\u00f3ria de amor e supera\u00e7\u00e3o, pois \u00e9 nela que podemos descobrir a vontade [&hellip;]<\/p>\n","protected":false},"author":1,"featured_media":8089,"comment_status":"open","ping_status":"closed","sticky":false,"template":"","format":"standard","meta":{"ngg_post_thumbnail":0},"categories":[1,4,2,6,22],"tags":[],"_links":{"self":[{"href":"http:\/\/paroquiagloria.org\/v2\/index.php?rest_route=\/wp\/v2\/posts\/8121"}],"collection":[{"href":"http:\/\/paroquiagloria.org\/v2\/index.php?rest_route=\/wp\/v2\/posts"}],"about":[{"href":"http:\/\/paroquiagloria.org\/v2\/index.php?rest_route=\/wp\/v2\/types\/post"}],"author":[{"embeddable":true,"href":"http:\/\/paroquiagloria.org\/v2\/index.php?rest_route=\/wp\/v2\/users\/1"}],"replies":[{"embeddable":true,"href":"http:\/\/paroquiagloria.org\/v2\/index.php?rest_route=%2Fwp%2Fv2%2Fcomments&post=8121"}],"version-history":[{"count":1,"href":"http:\/\/paroquiagloria.org\/v2\/index.php?rest_route=\/wp\/v2\/posts\/8121\/revisions"}],"predecessor-version":[{"id":8123,"href":"http:\/\/paroquiagloria.org\/v2\/index.php?rest_route=\/wp\/v2\/posts\/8121\/revisions\/8123"}],"wp:featuredmedia":[{"embeddable":true,"href":"http:\/\/paroquiagloria.org\/v2\/index.php?rest_route=\/wp\/v2\/media\/8089"}],"wp:attachment":[{"href":"http:\/\/paroquiagloria.org\/v2\/index.php?rest_route=%2Fwp%2Fv2%2Fmedia&parent=8121"}],"wp:term":[{"taxonomy":"category","embeddable":true,"href":"http:\/\/paroquiagloria.org\/v2\/index.php?rest_route=%2Fwp%2Fv2%2Fcategories&post=8121"},{"taxonomy":"post_tag","embeddable":true,"href":"http:\/\/paroquiagloria.org\/v2\/index.php?rest_route=%2Fwp%2Fv2%2Ftags&post=8121"}],"curies":[{"name":"wp","href":"https:\/\/api.w.org\/{rel}","templated":true}]}}