{"id":8110,"date":"2019-11-09T19:50:05","date_gmt":"2019-11-09T19:50:05","guid":{"rendered":"http:\/\/paroquiagloria.org\/v2\/?p=8110"},"modified":"2019-11-09T19:50:05","modified_gmt":"2019-11-09T19:50:05","slug":"e-depois-3","status":"publish","type":"post","link":"http:\/\/paroquiagloria.org\/v2\/?p=8110","title":{"rendered":"E depois ?"},"content":{"rendered":"<p><a href=\"http:\/\/paroquiagloria.org\/v2\/wp-content\/uploads\/2019\/11\/32dtc_C.jpg\"><img loading=\"lazy\" class=\"size-full wp-image-8112 aligncenter\" src=\"http:\/\/paroquiagloria.org\/v2\/wp-content\/uploads\/2019\/11\/32dtc_C.jpg\" alt=\"32dtc_C\" width=\"900\" height=\"665\" srcset=\"http:\/\/paroquiagloria.org\/v2\/wp-content\/uploads\/2019\/11\/32dtc_C.jpg 900w, http:\/\/paroquiagloria.org\/v2\/wp-content\/uploads\/2019\/11\/32dtc_C-300x222.jpg 300w\" sizes=\"(max-width: 900px) 100vw, 900px\" \/><\/a><\/p>\n<p>&nbsp;<\/p>\n<p style=\"text-align: justify;\">Para todos o tempo vai passando&#8230; e a morte tamb\u00e9m chega. E depois? O que &#8220;v\u00ea&#8221; para &#8220;al\u00e9m&#8221; quem n\u00e3o tem f\u00e9? Nada, uma parede de bet\u00e3o, um precip\u00edcio sem luz nem fundo? O que resta? Apenas saudade ef\u00e9mera, pr\u00f3pria de mem\u00f3rias curtas?<br \/>\nCom a f\u00e9 abre-se uma janela para o futuro, a vida ganha sentido e a exist\u00eancia n\u00e3o esbarra com uma parede, nem termina num precip\u00edcio, mas num encontro, num encontro pessoal com Deus, que amorosamente nos aguarda com generosidade e sem ressentimentos. \u00c9 o que h\u00e1-de acontecer, se o caminho das Bem-aventuran\u00e7as tamb\u00e9m f\u00f4r o nosso caminho, trilhado todos os dias, apesar das nossas fraquezas, d\u00favidas e hesita\u00e7\u00f5es.<br \/>\nA eternidade n\u00e3o \u00e9, pois, coisa para rir ou tro\u00e7ar, como faziam os saduceus, mas para levar a s\u00e9rio. \u00c9 segredo que tamb\u00e9m n\u00e3o abarco, mas sei que n\u00e3o \u00e9 coisa de somar ou subtrair, nem resulta de m\u00e9ritos pessoais ou direitos de posse ou propriedade, mas de intensidade de amor de Deus e em Deus e de comunh\u00e3o de uns com os outros. \u00c9 isto a plenitude de vida. E \u00e9 para esta plenitude que me ultrapassa, que sei que os batentes da porta da morte se abrem. Definitivamente.<\/p>\n<p style=\"text-align: right;\">P. Fausto<\/p>\n<p style=\"text-align: right;\"><em>in<\/em> Di\u00e1logo n\u00ba 1674 (XXXII Domingo do Tempo Comum &#8211; Ano C)<\/p>\n","protected":false},"excerpt":{"rendered":"<p>&nbsp; Para todos o tempo vai passando&#8230; e a morte tamb\u00e9m chega. E depois? O que &#8220;v\u00ea&#8221; para &#8220;al\u00e9m&#8221; quem n\u00e3o tem f\u00e9? Nada, uma parede de bet\u00e3o, um precip\u00edcio sem luz nem fundo? O que resta? Apenas saudade ef\u00e9mera, pr\u00f3pria de mem\u00f3rias curtas? Com a f\u00e9 abre-se uma janela para o futuro, a vida [&hellip;]<\/p>\n","protected":false},"author":1,"featured_media":8111,"comment_status":"open","ping_status":"closed","sticky":false,"template":"","format":"standard","meta":{"ngg_post_thumbnail":0},"categories":[1,4,2,6,17],"tags":[],"_links":{"self":[{"href":"http:\/\/paroquiagloria.org\/v2\/index.php?rest_route=\/wp\/v2\/posts\/8110"}],"collection":[{"href":"http:\/\/paroquiagloria.org\/v2\/index.php?rest_route=\/wp\/v2\/posts"}],"about":[{"href":"http:\/\/paroquiagloria.org\/v2\/index.php?rest_route=\/wp\/v2\/types\/post"}],"author":[{"embeddable":true,"href":"http:\/\/paroquiagloria.org\/v2\/index.php?rest_route=\/wp\/v2\/users\/1"}],"replies":[{"embeddable":true,"href":"http:\/\/paroquiagloria.org\/v2\/index.php?rest_route=%2Fwp%2Fv2%2Fcomments&post=8110"}],"version-history":[{"count":1,"href":"http:\/\/paroquiagloria.org\/v2\/index.php?rest_route=\/wp\/v2\/posts\/8110\/revisions"}],"predecessor-version":[{"id":8113,"href":"http:\/\/paroquiagloria.org\/v2\/index.php?rest_route=\/wp\/v2\/posts\/8110\/revisions\/8113"}],"wp:featuredmedia":[{"embeddable":true,"href":"http:\/\/paroquiagloria.org\/v2\/index.php?rest_route=\/wp\/v2\/media\/8111"}],"wp:attachment":[{"href":"http:\/\/paroquiagloria.org\/v2\/index.php?rest_route=%2Fwp%2Fv2%2Fmedia&parent=8110"}],"wp:term":[{"taxonomy":"category","embeddable":true,"href":"http:\/\/paroquiagloria.org\/v2\/index.php?rest_route=%2Fwp%2Fv2%2Fcategories&post=8110"},{"taxonomy":"post_tag","embeddable":true,"href":"http:\/\/paroquiagloria.org\/v2\/index.php?rest_route=%2Fwp%2Fv2%2Ftags&post=8110"}],"curies":[{"name":"wp","href":"https:\/\/api.w.org\/{rel}","templated":true}]}}