{"id":8107,"date":"2019-11-09T19:44:12","date_gmt":"2019-11-09T19:44:12","guid":{"rendered":"http:\/\/paroquiagloria.org\/v2\/?p=8107"},"modified":"2019-11-09T19:44:12","modified_gmt":"2019-11-09T19:44:12","slug":"semana-dos-seminarios-2019","status":"publish","type":"post","link":"http:\/\/paroquiagloria.org\/v2\/?p=8107","title":{"rendered":"SEMANA DOS SEMIN\u00c1RIOS &#8211;  2019"},"content":{"rendered":"<h2><em>\u201cCristo n\u00e3o pensa apenas naquilo que tu \u00e9s mas naquilo que poder\u00e1s chegar a ser\u201d<\/em><\/h2>\n<p>&nbsp;<\/p>\n<p style=\"text-align: justify;\">\n<p style=\"text-align: justify;\"><a href=\"http:\/\/paroquiagloria.org\/v2\/wp-content\/uploads\/2013\/02\/2019_cartaz-01_small.jpg\"><img loading=\"lazy\" class=\"size-large wp-image-8087 aligncenter\" src=\"http:\/\/paroquiagloria.org\/v2\/wp-content\/uploads\/2013\/02\/2019_cartaz-01_small-724x1024.jpg\" alt=\"2019_cartaz-01_small\" width=\"724\" height=\"1024\" srcset=\"http:\/\/paroquiagloria.org\/v2\/wp-content\/uploads\/2013\/02\/2019_cartaz-01_small-724x1024.jpg 724w, http:\/\/paroquiagloria.org\/v2\/wp-content\/uploads\/2013\/02\/2019_cartaz-01_small-212x300.jpg 212w, http:\/\/paroquiagloria.org\/v2\/wp-content\/uploads\/2013\/02\/2019_cartaz-01_small.jpg 1754w\" sizes=\"(max-width: 724px) 100vw, 724px\" \/><\/a><\/p>\n<p style=\"text-align: justify;\">\u201c\u00c9 oportunidade para animar os jovens que fazem parte dos v\u00e1rios semin\u00e1rios do nosso pa\u00eds e reconhecer o precioso trabalho das equipas formadoras e de todos os que colaboram na vida dos semin\u00e1rios\u201d, escreve D. Ant\u00f3nio Augusto Azevedo, presidente da Comiss\u00e3o Episcopal das Voca\u00e7\u00f5es e Minist\u00e9rios.<br \/>\nO respons\u00e1vel observa que \u201choje \u00e9 mais dif\u00edcil de escutar e entender\u201d \u201cchamamento atrativo e fascinante\u201d de Jesus pelos jovens porque s\u00e3o \u201cbombardeados por uma variedade de est\u00edmulos e uma multiplicidade de propostas geradoras de muito ru\u00eddo e dispers\u00e3o\u201d.<br \/>\nA todos os crist\u00e3os, destaca, \u201c\u00e9 pedido, durante esta semana e sempre, um especial apoio e carinho\u201d pelos semin\u00e1rios que se pode manifestar \u201cna ora\u00e7\u00e3o e na ajuda material\u201d.<br \/>\nOs diversos materiais e subs\u00eddios para a Semana dos Semin\u00e1rios 2019 foram preparados pela Diocese de Aveiro e para animar e celebrar este per\u00edodo espec\u00edfico.<\/p>\n<p style=\"text-align: right;\"><em>fonte: ecclesia<\/em><\/p>\n<p>&nbsp;<\/p>\n<p>&nbsp;<\/p>\n<div class='et-box et-shadow'>\r\n\t\t\t\t\t<div class='et-box-content'><strong>ORA\u00c7\u00c3O<\/strong> Senhor Jesus Cristo, fonte de vida nova, Tu que n\u00e3o olhas ao que somos mas ao que poderemos chegar a ser, abre caminhos de constru\u00e7\u00e3o do Reino, ajudando-nos a ser mansos e humildes de cora\u00e7\u00e3o. Tu que vives e revelas o imenso amor do Pai, n\u00f3s te pedimos que continues a despertar o cora\u00e7\u00e3o dos jovens para que aceitem o desafio de Te seguir, caminhando em liberdade, sem medos e resist\u00eancias, e, animados pelo Esp\u00edrito Santo, se fa\u00e7am ao largo e lancem as redes para a pesca. Por intercess\u00e3o da Virgem Maria e de S. Jos\u00e9, n\u00f3s Vos pedimos pelos Semin\u00e1rios, pelos seminaristas e por todos os jovens a quem chamas e envias. Fazei que neles brotem sinais de esperan\u00e7a, sementes de entrega e verdadeiro servi\u00e7o. Concede-nos, pela gra\u00e7a do baptismo, o dom da escuta da Tua voz e da resposta generosa, colaborando na edifica\u00e7\u00e3o do Reino de Deus. \u00c1men.<\/div><\/div>\n<p>&nbsp;<\/p>\n<p>&nbsp;<\/p>\n<p><span style=\"text-decoration: underline;\">Na Diocese de Aveiro, teremos tr\u00eas momentos importantes:<\/span><br \/>\n<strong>Dia 14 de Novembro &#8211; 21h00 &#8211;<\/strong> Inaugura\u00e7\u00e3o da Biblioteca D. Ant\u00f3nio Francisco, no Semin\u00e1rio;<br \/>\n<strong>Dia 16 de Novembro &#8211; 21h00 &#8211;<\/strong> Vig\u00edlia de Ora\u00e7\u00e3o pelos Semin\u00e1rios, na igreja Matriz de Oi\u00e3 (S\u00e3o Sim\u00e3o);<br \/>\n<strong>Dia 17 de Novembro &#8211; 16h00 &#8211;<\/strong> Missa de Encerramento da Semana, no Semin\u00e1rio.<\/p>\n<p>&nbsp;<\/p>\n<p>&nbsp;<\/p>\n<h1><strong>Open Day \u2013 Dia Aberto &#8211; no Semin\u00e1rio.<\/strong><\/h1>\n<p><a href=\"http:\/\/paroquiagloria.org\/v2\/wp-content\/uploads\/2019\/11\/openday_base.jpg\"><img loading=\"lazy\" class=\"size-full wp-image-8108 aligncenter\" src=\"http:\/\/paroquiagloria.org\/v2\/wp-content\/uploads\/2019\/11\/openday_base.jpg\" alt=\"openday_base\" width=\"960\" height=\"679\" srcset=\"http:\/\/paroquiagloria.org\/v2\/wp-content\/uploads\/2019\/11\/openday_base.jpg 960w, http:\/\/paroquiagloria.org\/v2\/wp-content\/uploads\/2019\/11\/openday_base-300x212.jpg 300w\" sizes=\"(max-width: 960px) 100vw, 960px\" \/><\/a><\/p>\n<p>No sentido de aumentar a abrang\u00eancia do habitual encontro de rapazes do 5\u00ba e 6\u00ba anos, o Semin\u00e1rio passa a convidar tamb\u00e9m as raparigas que assim queiram ter um tempo de visita ao Semin\u00e1rio e de proposta vocacional. A actividade contar\u00e1 tamb\u00e9m com a presen\u00e7a das Irm\u00e3s do Amor de Deus.<br \/>\nO pr\u00f3ximo encontro decorrer\u00e1 no pr\u00f3ximo dia 30 de Novembro, S\u00e1bado, entre as 9h30 at\u00e9 \u00e0s 18h00.<\/p>\n<p>&nbsp;<\/p>\n<p>mais informa\u00e7\u00f5es <a href=\"http:\/\/www.diocese-aveiro.pt\/v2\/?p=18663\" target=\"_blank\">AQUI<\/a><\/p>\n<p>&nbsp;<\/p>\n<p>&nbsp;<\/p>\n<p>&nbsp;<\/p>\n<p>&nbsp;<\/p>\n","protected":false},"excerpt":{"rendered":"<p>\u201cCristo n\u00e3o pensa apenas naquilo que tu \u00e9s mas naquilo que poder\u00e1s chegar a ser\u201d &nbsp; \u201c\u00c9 oportunidade para animar os jovens que fazem parte dos v\u00e1rios semin\u00e1rios do nosso pa\u00eds e reconhecer o precioso trabalho das equipas formadoras e de todos os que colaboram na vida dos semin\u00e1rios\u201d, escreve D. Ant\u00f3nio Augusto Azevedo, presidente [&hellip;]<\/p>\n","protected":false},"author":1,"featured_media":8089,"comment_status":"open","ping_status":"closed","sticky":false,"template":"","format":"standard","meta":{"ngg_post_thumbnail":0},"categories":[1,4,2,6,22],"tags":[],"_links":{"self":[{"href":"http:\/\/paroquiagloria.org\/v2\/index.php?rest_route=\/wp\/v2\/posts\/8107"}],"collection":[{"href":"http:\/\/paroquiagloria.org\/v2\/index.php?rest_route=\/wp\/v2\/posts"}],"about":[{"href":"http:\/\/paroquiagloria.org\/v2\/index.php?rest_route=\/wp\/v2\/types\/post"}],"author":[{"embeddable":true,"href":"http:\/\/paroquiagloria.org\/v2\/index.php?rest_route=\/wp\/v2\/users\/1"}],"replies":[{"embeddable":true,"href":"http:\/\/paroquiagloria.org\/v2\/index.php?rest_route=%2Fwp%2Fv2%2Fcomments&post=8107"}],"version-history":[{"count":1,"href":"http:\/\/paroquiagloria.org\/v2\/index.php?rest_route=\/wp\/v2\/posts\/8107\/revisions"}],"predecessor-version":[{"id":8109,"href":"http:\/\/paroquiagloria.org\/v2\/index.php?rest_route=\/wp\/v2\/posts\/8107\/revisions\/8109"}],"wp:featuredmedia":[{"embeddable":true,"href":"http:\/\/paroquiagloria.org\/v2\/index.php?rest_route=\/wp\/v2\/media\/8089"}],"wp:attachment":[{"href":"http:\/\/paroquiagloria.org\/v2\/index.php?rest_route=%2Fwp%2Fv2%2Fmedia&parent=8107"}],"wp:term":[{"taxonomy":"category","embeddable":true,"href":"http:\/\/paroquiagloria.org\/v2\/index.php?rest_route=%2Fwp%2Fv2%2Fcategories&post=8107"},{"taxonomy":"post_tag","embeddable":true,"href":"http:\/\/paroquiagloria.org\/v2\/index.php?rest_route=%2Fwp%2Fv2%2Ftags&post=8107"}],"curies":[{"name":"wp","href":"https:\/\/api.w.org\/{rel}","templated":true}]}}