{"id":8101,"date":"2019-11-09T19:37:19","date_gmt":"2019-11-09T19:37:19","guid":{"rendered":"http:\/\/paroquiagloria.org\/v2\/?p=8101"},"modified":"2019-11-09T19:37:19","modified_gmt":"2019-11-09T19:37:19","slug":"banco-alimentar-contra-a-fome-2a-campanha-2019","status":"publish","type":"post","link":"http:\/\/paroquiagloria.org\/v2\/?p=8101","title":{"rendered":"Banco Alimentar contra a Fome &#8211; 2\u00aa Campanha 2019"},"content":{"rendered":"<p>&nbsp;<\/p>\n<p><a href=\"http:\/\/paroquiagloria.org\/v2\/wp-content\/uploads\/2016\/11\/banner_banco-alimentar.jpg\"><img loading=\"lazy\" class=\"size-full wp-image-4906 aligncenter\" src=\"http:\/\/paroquiagloria.org\/v2\/wp-content\/uploads\/2016\/11\/banner_banco-alimentar.jpg\" alt=\"banner_banco-alimentar\" width=\"960\" height=\"450\" srcset=\"http:\/\/paroquiagloria.org\/v2\/wp-content\/uploads\/2016\/11\/banner_banco-alimentar.jpg 960w, http:\/\/paroquiagloria.org\/v2\/wp-content\/uploads\/2016\/11\/banner_banco-alimentar-300x141.jpg 300w\" sizes=\"(max-width: 960px) 100vw, 960px\" \/><\/a><\/p>\n<p>Decorre, no fim de semana de 30 de Novembro e 1 de Dezembro a 2\u00aa Campanha do ano de Recolha de Alimentos do Banco Alimentar Contra a Fome (BACF).<br \/>\nAl\u00e9m de contarem com a sua generosidade, o BACF-Aveiro, quer contar com a sua disponibilidade como volunt\u00e1rio para chegar a quem mais precisa. Fa\u00e7a a sua inscri\u00e7\u00e3o via <a href=\"https:\/\/forms.gle\/utf1dWoXehGiJHRL6\" target=\"_blank\">https:\/\/forms.gle\/utf1dWoXehGiJHRL6<\/a><\/p>\n","protected":false},"excerpt":{"rendered":"<p>&nbsp; Decorre, no fim de semana de 30 de Novembro e 1 de Dezembro a 2\u00aa Campanha do ano de Recolha de Alimentos do Banco Alimentar Contra a Fome (BACF). Al\u00e9m de contarem com a sua generosidade, o BACF-Aveiro, quer contar com a sua disponibilidade como volunt\u00e1rio para chegar a quem mais precisa. Fa\u00e7a a [&hellip;]<\/p>\n","protected":false},"author":1,"featured_media":4906,"comment_status":"open","ping_status":"closed","sticky":false,"template":"","format":"standard","meta":{"ngg_post_thumbnail":0},"categories":[1,4,2,6],"tags":[],"_links":{"self":[{"href":"http:\/\/paroquiagloria.org\/v2\/index.php?rest_route=\/wp\/v2\/posts\/8101"}],"collection":[{"href":"http:\/\/paroquiagloria.org\/v2\/index.php?rest_route=\/wp\/v2\/posts"}],"about":[{"href":"http:\/\/paroquiagloria.org\/v2\/index.php?rest_route=\/wp\/v2\/types\/post"}],"author":[{"embeddable":true,"href":"http:\/\/paroquiagloria.org\/v2\/index.php?rest_route=\/wp\/v2\/users\/1"}],"replies":[{"embeddable":true,"href":"http:\/\/paroquiagloria.org\/v2\/index.php?rest_route=%2Fwp%2Fv2%2Fcomments&post=8101"}],"version-history":[{"count":1,"href":"http:\/\/paroquiagloria.org\/v2\/index.php?rest_route=\/wp\/v2\/posts\/8101\/revisions"}],"predecessor-version":[{"id":8102,"href":"http:\/\/paroquiagloria.org\/v2\/index.php?rest_route=\/wp\/v2\/posts\/8101\/revisions\/8102"}],"wp:featuredmedia":[{"embeddable":true,"href":"http:\/\/paroquiagloria.org\/v2\/index.php?rest_route=\/wp\/v2\/media\/4906"}],"wp:attachment":[{"href":"http:\/\/paroquiagloria.org\/v2\/index.php?rest_route=%2Fwp%2Fv2%2Fmedia&parent=8101"}],"wp:term":[{"taxonomy":"category","embeddable":true,"href":"http:\/\/paroquiagloria.org\/v2\/index.php?rest_route=%2Fwp%2Fv2%2Fcategories&post=8101"},{"taxonomy":"post_tag","embeddable":true,"href":"http:\/\/paroquiagloria.org\/v2\/index.php?rest_route=%2Fwp%2Fv2%2Ftags&post=8101"}],"curies":[{"name":"wp","href":"https:\/\/api.w.org\/{rel}","templated":true}]}}