{"id":8094,"date":"2019-11-02T19:01:17","date_gmt":"2019-11-02T19:01:17","guid":{"rendered":"http:\/\/paroquiagloria.org\/v2\/?p=8094"},"modified":"2019-11-02T19:01:17","modified_gmt":"2019-11-02T19:01:17","slug":"retiro-diocesano","status":"publish","type":"post","link":"http:\/\/paroquiagloria.org\/v2\/?p=8094","title":{"rendered":"Retiro Diocesano"},"content":{"rendered":"<p><a href=\"http:\/\/paroquiagloria.org\/v2\/wp-content\/uploads\/2013\/02\/CasaDiocesana.jpg\"><img loading=\"lazy\" class=\"size-large wp-image-8084 aligncenter\" src=\"http:\/\/paroquiagloria.org\/v2\/wp-content\/uploads\/2013\/02\/CasaDiocesana-1024x320.jpg\" alt=\"CasaDiocesana\" width=\"1024\" height=\"320\" srcset=\"http:\/\/paroquiagloria.org\/v2\/wp-content\/uploads\/2013\/02\/CasaDiocesana-1024x320.jpg 1024w, http:\/\/paroquiagloria.org\/v2\/wp-content\/uploads\/2013\/02\/CasaDiocesana-300x94.jpg 300w, http:\/\/paroquiagloria.org\/v2\/wp-content\/uploads\/2013\/02\/CasaDiocesana.jpg 1920w\" sizes=\"(max-width: 1024px) 100vw, 1024px\" \/><\/a><\/p>\n<p>&nbsp;<\/p>\n<p>Decorrer\u00e1 no fim de semana de 16 e 17 de Novembro mais um Retiro Diocesano sobre <span style=\"color: #ff9900;\"><strong>\u201cSer disc\u00edpulo mission\u00e1rio\u201d<\/strong><\/span>.<br \/>\nD. Ant\u00f3nio Moiteiro orienta este retiro espiritual, que tem in\u00edcio \u00e0s 9h30 do s\u00e1bado dia 16 de Novembro e termina com o almo\u00e7o do domingo dia 17 de Novembro, na Casa Diocesana em Albergaria-a-Velha (Santu\u00e1rio de Nossa Senhora do Socorro).<br \/>\nDestina-se a catequistas, animadores e outros agentes de pastoral, mas tamb\u00e9m a todas as pessoas que queiram refletir sobre o essencial da vida crist\u00e3.<br \/>\nAs inscri\u00e7\u00f5es devem ser feitas na Casa Diocesana, atrav\u00e9s dos telefones 234 522 422 ou 965 306 907, ou pelo e-mail casadiocesana@diocese-aveiro.pt<\/p>\n<p style=\"text-align: right;\">\n<em>fonte: Correio do Vouga<\/em><\/p>\n","protected":false},"excerpt":{"rendered":"<p>&nbsp; Decorrer\u00e1 no fim de semana de 16 e 17 de Novembro mais um Retiro Diocesano sobre \u201cSer disc\u00edpulo mission\u00e1rio\u201d. D. Ant\u00f3nio Moiteiro orienta este retiro espiritual, que tem in\u00edcio \u00e0s 9h30 do s\u00e1bado dia 16 de Novembro e termina com o almo\u00e7o do domingo dia 17 de Novembro, na Casa Diocesana em Albergaria-a-Velha (Santu\u00e1rio [&hellip;]<\/p>\n","protected":false},"author":1,"featured_media":8090,"comment_status":"open","ping_status":"closed","sticky":false,"template":"","format":"standard","meta":{"ngg_post_thumbnail":0},"categories":[1,4,2,6,22],"tags":[],"_links":{"self":[{"href":"http:\/\/paroquiagloria.org\/v2\/index.php?rest_route=\/wp\/v2\/posts\/8094"}],"collection":[{"href":"http:\/\/paroquiagloria.org\/v2\/index.php?rest_route=\/wp\/v2\/posts"}],"about":[{"href":"http:\/\/paroquiagloria.org\/v2\/index.php?rest_route=\/wp\/v2\/types\/post"}],"author":[{"embeddable":true,"href":"http:\/\/paroquiagloria.org\/v2\/index.php?rest_route=\/wp\/v2\/users\/1"}],"replies":[{"embeddable":true,"href":"http:\/\/paroquiagloria.org\/v2\/index.php?rest_route=%2Fwp%2Fv2%2Fcomments&post=8094"}],"version-history":[{"count":1,"href":"http:\/\/paroquiagloria.org\/v2\/index.php?rest_route=\/wp\/v2\/posts\/8094\/revisions"}],"predecessor-version":[{"id":8095,"href":"http:\/\/paroquiagloria.org\/v2\/index.php?rest_route=\/wp\/v2\/posts\/8094\/revisions\/8095"}],"wp:featuredmedia":[{"embeddable":true,"href":"http:\/\/paroquiagloria.org\/v2\/index.php?rest_route=\/wp\/v2\/media\/8090"}],"wp:attachment":[{"href":"http:\/\/paroquiagloria.org\/v2\/index.php?rest_route=%2Fwp%2Fv2%2Fmedia&parent=8094"}],"wp:term":[{"taxonomy":"category","embeddable":true,"href":"http:\/\/paroquiagloria.org\/v2\/index.php?rest_route=%2Fwp%2Fv2%2Fcategories&post=8094"},{"taxonomy":"post_tag","embeddable":true,"href":"http:\/\/paroquiagloria.org\/v2\/index.php?rest_route=%2Fwp%2Fv2%2Ftags&post=8094"}],"curies":[{"name":"wp","href":"https:\/\/api.w.org\/{rel}","templated":true}]}}