{"id":8092,"date":"2019-11-02T18:59:59","date_gmt":"2019-11-02T18:59:59","guid":{"rendered":"http:\/\/paroquiagloria.org\/v2\/?p=8092"},"modified":"2019-11-02T19:02:14","modified_gmt":"2019-11-02T19:02:14","slug":"semana-dos-seminarios-3","status":"publish","type":"post","link":"http:\/\/paroquiagloria.org\/v2\/?p=8092","title":{"rendered":"Semana dos Semin\u00e1rios"},"content":{"rendered":"<p><a href=\"http:\/\/paroquiagloria.org\/v2\/wp-content\/uploads\/2013\/02\/2019_cartaz-01_small.jpg\"><img loading=\"lazy\" class=\"size-large wp-image-8087 aligncenter\" src=\"http:\/\/paroquiagloria.org\/v2\/wp-content\/uploads\/2013\/02\/2019_cartaz-01_small-724x1024.jpg\" alt=\"2019_cartaz-01_small\" width=\"724\" height=\"1024\" srcset=\"http:\/\/paroquiagloria.org\/v2\/wp-content\/uploads\/2013\/02\/2019_cartaz-01_small-724x1024.jpg 724w, http:\/\/paroquiagloria.org\/v2\/wp-content\/uploads\/2013\/02\/2019_cartaz-01_small-212x300.jpg 212w, http:\/\/paroquiagloria.org\/v2\/wp-content\/uploads\/2013\/02\/2019_cartaz-01_small.jpg 1754w\" sizes=\"(max-width: 724px) 100vw, 724px\" \/><\/a><\/p>\n<p>&nbsp;<\/p>\n<p>Inicia no Domingo, <strong>dia 10 de Novembro<\/strong>, a <span style=\"color: #ff9900;\"><strong>SEMANA DOS SEMIN\u00c1RIOS<\/strong><\/span>\u00a02019.<br \/>\nNa <span style=\"text-decoration: underline;\">Diocese de Aveiro<\/span>, teremos tr\u00eas momentos importantes:<\/p>\n<p style=\"padding-left: 60px;\"><strong>Dia 14 de Novembro &#8211; 21h00 &#8211;<\/strong> Inaugura\u00e7\u00e3o da Biblioteca D. Ant\u00f3nio Francisco, no Semin\u00e1rio de Santa Joana Princesa;<br \/>\n<strong>Dia 16 de Novembro &#8211; 21h00 &#8211;<\/strong> Vig\u00edlia de Ora\u00e7\u00e3o pelos Semin\u00e1rios, na igreja Matriz de Oi\u00e3 (S\u00e3o Sim\u00e3o);<br \/>\n<strong>Dia 17 de Novembro &#8211; 16h00 &#8211;<\/strong> Missa de Encerramento da Semana, no Semin\u00e1rio de Santa Joana Princesa.<\/p>\n<p>&nbsp;<\/p>\n<p>\u201cA Semana dos Semin\u00e1rios de 2019 tem um lema &#8211; <span style=\"color: #ff9900;\"><strong>Cristo n\u00e3o pensa apenas naquilo que tu \u00e9s mas naquilo que poder\u00e1s chegar a ser<\/strong><\/span> &#8211; inspirado na Exorta\u00e7\u00e3o Apost\u00f3lica P\u00f3s-Sinodal <em>Christus Vivit<\/em> que o Papa Francisco dirigiu, recentemente, aos jovens e a todo o Povo de Deus. (&#8230;)<br \/>\nO Santo Padre prop\u00f5e-nos uma atitude de esperan\u00e7a assente na convic\u00e7\u00e3o de que &#8220;Jesus caminha no meio de n\u00f3s como fazia na Galileia. Ele passa pelas nossas ruas, det\u00e9m-se e olha-nos sem pressa. O seu chamamento que \u00e9 atractivo e fascinante&#8221; (CV, 277). Hoje, por\u00e9m, \u00e9 mais dif\u00edcil de escutar e entender pelos jovens porque s\u00e3o bombardeados por uma variedade de est\u00edmulos e uma multiplicidade de propostas geradoras de muito ru\u00eddo e dispers\u00e3o.<br \/>\nEsse chamamento \u00e9 o de um amigo, Jesus Cristo, aquele conhece e ama a cada um e por isso quer dar-lhe o melhor. Assim, a voca\u00e7\u00e3o significa antes de mais um dom, um presente, simultaneamente o mais precioso e o mais exigente, porque &#8220;os presentes de Deus s\u00e3o interactivos, para os gozar \u00e9 preciso arriscar&#8221;.(&#8230;) Abrir-se a esse dom implica um caminhar juntos com Cristo, na amizade e na liberdade, num seguimento pr\u00f3prio do disc\u00edpulo que deseja aprender com o Mestre. (&#8230;)&#8221;<\/p>\n<p style=\"text-align: right;\"><em>da mensagem de D. Ant\u00f3nio Augusto Azevedo<\/em><br \/>\n<em>(Presidente da Comiss\u00e3o Episcopal das Voca\u00e7\u00f5es e Minist\u00e9rios)<\/em><\/p>\n<p><a href=\"http:\/\/sites.ecclesia.pt\/ss2019\/\" target=\"_blank\">SUBS\u00cdDIOS PARA PREPARAR A SEMANA DOS SEMIN\u00c1RIOS 2019<\/a><\/p>\n","protected":false},"excerpt":{"rendered":"<p>&nbsp; Inicia no Domingo, dia 10 de Novembro, a SEMANA DOS SEMIN\u00c1RIOS\u00a02019. Na Diocese de Aveiro, teremos tr\u00eas momentos importantes: Dia 14 de Novembro &#8211; 21h00 &#8211; Inaugura\u00e7\u00e3o da Biblioteca D. Ant\u00f3nio Francisco, no Semin\u00e1rio de Santa Joana Princesa; Dia 16 de Novembro &#8211; 21h00 &#8211; Vig\u00edlia de Ora\u00e7\u00e3o pelos Semin\u00e1rios, na igreja Matriz de [&hellip;]<\/p>\n","protected":false},"author":1,"featured_media":8089,"comment_status":"open","ping_status":"closed","sticky":false,"template":"","format":"standard","meta":{"ngg_post_thumbnail":0},"categories":[1,4,2,6,22],"tags":[],"_links":{"self":[{"href":"http:\/\/paroquiagloria.org\/v2\/index.php?rest_route=\/wp\/v2\/posts\/8092"}],"collection":[{"href":"http:\/\/paroquiagloria.org\/v2\/index.php?rest_route=\/wp\/v2\/posts"}],"about":[{"href":"http:\/\/paroquiagloria.org\/v2\/index.php?rest_route=\/wp\/v2\/types\/post"}],"author":[{"embeddable":true,"href":"http:\/\/paroquiagloria.org\/v2\/index.php?rest_route=\/wp\/v2\/users\/1"}],"replies":[{"embeddable":true,"href":"http:\/\/paroquiagloria.org\/v2\/index.php?rest_route=%2Fwp%2Fv2%2Fcomments&post=8092"}],"version-history":[{"count":2,"href":"http:\/\/paroquiagloria.org\/v2\/index.php?rest_route=\/wp\/v2\/posts\/8092\/revisions"}],"predecessor-version":[{"id":8096,"href":"http:\/\/paroquiagloria.org\/v2\/index.php?rest_route=\/wp\/v2\/posts\/8092\/revisions\/8096"}],"wp:featuredmedia":[{"embeddable":true,"href":"http:\/\/paroquiagloria.org\/v2\/index.php?rest_route=\/wp\/v2\/media\/8089"}],"wp:attachment":[{"href":"http:\/\/paroquiagloria.org\/v2\/index.php?rest_route=%2Fwp%2Fv2%2Fmedia&parent=8092"}],"wp:term":[{"taxonomy":"category","embeddable":true,"href":"http:\/\/paroquiagloria.org\/v2\/index.php?rest_route=%2Fwp%2Fv2%2Fcategories&post=8092"},{"taxonomy":"post_tag","embeddable":true,"href":"http:\/\/paroquiagloria.org\/v2\/index.php?rest_route=%2Fwp%2Fv2%2Ftags&post=8092"}],"curies":[{"name":"wp","href":"https:\/\/api.w.org\/{rel}","templated":true}]}}