{"id":8077,"date":"2019-10-26T18:19:45","date_gmt":"2019-10-26T18:19:45","guid":{"rendered":"http:\/\/paroquiagloria.org\/v2\/?p=8077"},"modified":"2019-10-26T18:19:45","modified_gmt":"2019-10-26T18:19:45","slug":"adoracao-eucaristica","status":"publish","type":"post","link":"http:\/\/paroquiagloria.org\/v2\/?p=8077","title":{"rendered":"Adora\u00e7\u00e3o Eucar\u00edstica"},"content":{"rendered":"<p>&nbsp;<\/p>\n<h2><em>Pedi trabalhadores para a messe<\/em><\/h2>\n<p>Decorrer\u00e3o, pelas 21h, nas \u00faltimas quintas-feiras do m\u00eas (excepto em Dezembro que ser\u00e1 no dia 12), na Capela do Sagrado Cora\u00e7\u00e3o de Jesus, no Semin\u00e1rio de Santa Joana Princesa &#8211; Aveiro.<\/p>\n<p>&nbsp;<\/p>\n<p><img loading=\"lazy\" class=\"size-full wp-image-8071 aligncenter\" src=\"http:\/\/paroquiagloria.org\/v2\/wp-content\/uploads\/2019\/10\/AdoracaoEucaristica_SemAv.jpg\" alt=\"AdoracaoEucaristica_SemAv\" width=\"540\" height=\"720\" srcset=\"http:\/\/paroquiagloria.org\/v2\/wp-content\/uploads\/2019\/10\/AdoracaoEucaristica_SemAv.jpg 540w, http:\/\/paroquiagloria.org\/v2\/wp-content\/uploads\/2019\/10\/AdoracaoEucaristica_SemAv-225x300.jpg 225w\" sizes=\"(max-width: 540px) 100vw, 540px\" \/><\/p>\n","protected":false},"excerpt":{"rendered":"<p>&nbsp; Pedi trabalhadores para a messe Decorrer\u00e3o, pelas 21h, nas \u00faltimas quintas-feiras do m\u00eas (excepto em Dezembro que ser\u00e1 no dia 12), na Capela do Sagrado Cora\u00e7\u00e3o de Jesus, no Semin\u00e1rio de Santa Joana Princesa &#8211; Aveiro. &nbsp;<\/p>\n","protected":false},"author":1,"featured_media":8072,"comment_status":"open","ping_status":"closed","sticky":false,"template":"","format":"standard","meta":{"ngg_post_thumbnail":0},"categories":[1,4,2,6],"tags":[],"_links":{"self":[{"href":"http:\/\/paroquiagloria.org\/v2\/index.php?rest_route=\/wp\/v2\/posts\/8077"}],"collection":[{"href":"http:\/\/paroquiagloria.org\/v2\/index.php?rest_route=\/wp\/v2\/posts"}],"about":[{"href":"http:\/\/paroquiagloria.org\/v2\/index.php?rest_route=\/wp\/v2\/types\/post"}],"author":[{"embeddable":true,"href":"http:\/\/paroquiagloria.org\/v2\/index.php?rest_route=\/wp\/v2\/users\/1"}],"replies":[{"embeddable":true,"href":"http:\/\/paroquiagloria.org\/v2\/index.php?rest_route=%2Fwp%2Fv2%2Fcomments&post=8077"}],"version-history":[{"count":1,"href":"http:\/\/paroquiagloria.org\/v2\/index.php?rest_route=\/wp\/v2\/posts\/8077\/revisions"}],"predecessor-version":[{"id":8078,"href":"http:\/\/paroquiagloria.org\/v2\/index.php?rest_route=\/wp\/v2\/posts\/8077\/revisions\/8078"}],"wp:featuredmedia":[{"embeddable":true,"href":"http:\/\/paroquiagloria.org\/v2\/index.php?rest_route=\/wp\/v2\/media\/8072"}],"wp:attachment":[{"href":"http:\/\/paroquiagloria.org\/v2\/index.php?rest_route=%2Fwp%2Fv2%2Fmedia&parent=8077"}],"wp:term":[{"taxonomy":"category","embeddable":true,"href":"http:\/\/paroquiagloria.org\/v2\/index.php?rest_route=%2Fwp%2Fv2%2Fcategories&post=8077"},{"taxonomy":"post_tag","embeddable":true,"href":"http:\/\/paroquiagloria.org\/v2\/index.php?rest_route=%2Fwp%2Fv2%2Ftags&post=8077"}],"curies":[{"name":"wp","href":"https:\/\/api.w.org\/{rel}","templated":true}]}}