{"id":8075,"date":"2019-10-26T18:18:19","date_gmt":"2019-10-26T18:18:19","guid":{"rendered":"http:\/\/paroquiagloria.org\/v2\/?p=8075"},"modified":"2019-10-26T18:18:19","modified_gmt":"2019-10-26T18:18:19","slug":"ano-pastoral-20192020","status":"publish","type":"post","link":"http:\/\/paroquiagloria.org\/v2\/?p=8075","title":{"rendered":"ANO PASTORAL 2019|2020"},"content":{"rendered":"<p><a href=\"http:\/\/paroquiagloria.org\/v2\/wp-content\/uploads\/2019\/09\/banner_pastoral_1920.jpg\"><img loading=\"lazy\" class=\"size-full wp-image-7977 aligncenter\" src=\"http:\/\/paroquiagloria.org\/v2\/wp-content\/uploads\/2019\/09\/banner_pastoral_1920.jpg\" alt=\"banner_pastoral_1920\" width=\"960\" height=\"450\" srcset=\"http:\/\/paroquiagloria.org\/v2\/wp-content\/uploads\/2019\/09\/banner_pastoral_1920.jpg 960w, http:\/\/paroquiagloria.org\/v2\/wp-content\/uploads\/2019\/09\/banner_pastoral_1920-300x141.jpg 300w\" sizes=\"(max-width: 960px) 100vw, 960px\" \/><\/a><\/p>\n<h2><em>Familia, voca\u00e7\u00e3o de amor e caminho de santidade<\/em><\/h2>\n<p>&nbsp;<\/p>\n<p>A aposta neste ano num programa para e com as fam\u00edlias pretende traduzir o desafio pastoral lan\u00e7ado pelo senhor bispo na sua carta pastoral quando afirma que h\u00e1 necessidade de estimular uma pastoral de aten\u00e7\u00e3o integral \u00e0 fam\u00edlia para que esta esteja no centro das nossas preocupa\u00e7\u00f5es pastorais quer diocesanas quer paroquiais. (Carta Pastoral 24) \u00c9 urgente proclamar o Evangelho da fam\u00edlia como \u201cresposta \u00e0s expectativas mais profundas da pessoa humana: a sua dignidade e plena realiza\u00e7\u00e3o na reciprocidade, na comunh\u00e3o e na fecundidade. N\u00e3o se trata apenas de apresentar uma normativa, mas de propor valores, correspondendo \u00e0 necessidade deles que se constata hoje, mesmo nos pa\u00edses mais secularizados\u201d. (AL 201)<br \/>\n(&#8230;) A fam\u00edlia crist\u00e3 \u00e9 a primeira e mais b\u00e1sica comunidade eclesial. Nela se vivem e se transmitem os valores fundamentais da vida crist\u00e3. Ela \u00e9 Igreja Dom\u00e9stica. A\u00ed, os pais desempenham o papel de primeiros transmissores da f\u00e9 aos seus filhos, ensinando-lhes atrav\u00e9s do exemplo e da palavra, a serem verdadeiros disc\u00edpulos mission\u00e1rios. Ao mesmo tempo, quando essa experi\u00eancia de discipulado mission\u00e1rio \u00e9 aut\u00eantica, uma fam\u00edlia torna-se evangelizadora de muitas outras fam\u00edlias e do ambiente em que vive. A fam\u00edlia vive a sua espiritualidade pr\u00f3pria, sendo ao mesmo tempo uma igreja dom\u00e9stica e uma c\u00e9lula viva para transformar o mundo. (DA 204). \u201cA beleza do dom rec\u00edproco e gratuito, a alegria pela vida que nasce e a amorosa solicitude de todos os seus membros, desde os pequeninos aos idosos, s\u00e3o apenas alguns dos frutos que tornam \u00fanica e insubstitu\u00edvel a resposta \u00e0 voca\u00e7\u00e3o da fam\u00edlia, tanto para a Igreja como para a sociedade inteira.\u201d (AL 88)<\/p>\n<p style=\"text-align: right;\">\n<em>fonte: www.diocese-aveiro.pt<\/em><\/p>\n","protected":false},"excerpt":{"rendered":"<p>Familia, voca\u00e7\u00e3o de amor e caminho de santidade &nbsp; A aposta neste ano num programa para e com as fam\u00edlias pretende traduzir o desafio pastoral lan\u00e7ado pelo senhor bispo na sua carta pastoral quando afirma que h\u00e1 necessidade de estimular uma pastoral de aten\u00e7\u00e3o integral \u00e0 fam\u00edlia para que esta esteja no centro das nossas [&hellip;]<\/p>\n","protected":false},"author":1,"featured_media":7977,"comment_status":"open","ping_status":"closed","sticky":false,"template":"","format":"standard","meta":{"ngg_post_thumbnail":0},"categories":[1,4,2,6,22],"tags":[],"_links":{"self":[{"href":"http:\/\/paroquiagloria.org\/v2\/index.php?rest_route=\/wp\/v2\/posts\/8075"}],"collection":[{"href":"http:\/\/paroquiagloria.org\/v2\/index.php?rest_route=\/wp\/v2\/posts"}],"about":[{"href":"http:\/\/paroquiagloria.org\/v2\/index.php?rest_route=\/wp\/v2\/types\/post"}],"author":[{"embeddable":true,"href":"http:\/\/paroquiagloria.org\/v2\/index.php?rest_route=\/wp\/v2\/users\/1"}],"replies":[{"embeddable":true,"href":"http:\/\/paroquiagloria.org\/v2\/index.php?rest_route=%2Fwp%2Fv2%2Fcomments&post=8075"}],"version-history":[{"count":1,"href":"http:\/\/paroquiagloria.org\/v2\/index.php?rest_route=\/wp\/v2\/posts\/8075\/revisions"}],"predecessor-version":[{"id":8076,"href":"http:\/\/paroquiagloria.org\/v2\/index.php?rest_route=\/wp\/v2\/posts\/8075\/revisions\/8076"}],"wp:featuredmedia":[{"embeddable":true,"href":"http:\/\/paroquiagloria.org\/v2\/index.php?rest_route=\/wp\/v2\/media\/7977"}],"wp:attachment":[{"href":"http:\/\/paroquiagloria.org\/v2\/index.php?rest_route=%2Fwp%2Fv2%2Fmedia&parent=8075"}],"wp:term":[{"taxonomy":"category","embeddable":true,"href":"http:\/\/paroquiagloria.org\/v2\/index.php?rest_route=%2Fwp%2Fv2%2Fcategories&post=8075"},{"taxonomy":"post_tag","embeddable":true,"href":"http:\/\/paroquiagloria.org\/v2\/index.php?rest_route=%2Fwp%2Fv2%2Ftags&post=8075"}],"curies":[{"name":"wp","href":"https:\/\/api.w.org\/{rel}","templated":true}]}}