{"id":8057,"date":"2019-10-19T18:39:43","date_gmt":"2019-10-19T18:39:43","guid":{"rendered":"http:\/\/paroquiagloria.org\/v2\/?p=8057"},"modified":"2019-10-19T18:40:53","modified_gmt":"2019-10-19T18:40:53","slug":"jornadas-nacionais-de-catequistas-3","status":"publish","type":"post","link":"http:\/\/paroquiagloria.org\/v2\/?p=8057","title":{"rendered":"Jornadas Nacionais de Catequistas"},"content":{"rendered":"<p><a href=\"http:\/\/paroquiagloria.org\/v2\/wp-content\/uploads\/2019\/10\/cartaz_jornadas_2019.jpg\"><img loading=\"lazy\" class=\"size-full wp-image-8059 aligncenter\" src=\"http:\/\/paroquiagloria.org\/v2\/wp-content\/uploads\/2019\/10\/cartaz_jornadas_2019.jpg\" alt=\"cartaz_jornadas_2019\" width=\"560\" height=\"776\" srcset=\"http:\/\/paroquiagloria.org\/v2\/wp-content\/uploads\/2019\/10\/cartaz_jornadas_2019.jpg 560w, http:\/\/paroquiagloria.org\/v2\/wp-content\/uploads\/2019\/10\/cartaz_jornadas_2019-216x300.jpg 216w\" sizes=\"(max-width: 560px) 100vw, 560px\" \/><\/a><\/p>\n<p>De <strong>25 a 27 de outubro de 2019 o Centro Paulo VI, em F\u00e1tima<\/strong>, acolhe mais uma edi\u00e7\u00e3o das Jornadas Nacionais de Catequistas 2019 (JNC19), com o tema \u201cUma Catequese Inovadora\u201d.<br \/>\nA iniciativa, do Departamento de Catequese do Secretariado Nacional da Educa\u00e7\u00e3o Crist\u00e3 (SNEC), vai homenagear a figura de Monsenhor Am\u00edlcar do Amaral e apresentar os v\u00e1rios projetos inovadores em curso no setor.<br \/>\nAs Jornadas v\u00e3o evocar, no dia 25 de outubro, a mem\u00f3ria de Monsenhor Am\u00edlcar do Amaral, no centen\u00e1rio do seu nascimento.<br \/>\n&#8220;Esta homenagem \u00e9 mais do que devida tendo em conta o caracter excecional desta figura e o seu contributo \u00edmpar para a catequese em Portugal&#8221;, lembra D. Ant\u00f3nio Moiteiro presidente da Comiss\u00e3o Episcopal da Educa\u00e7\u00e3o Crist\u00e3 e Doutrina da F\u00e9 (CEECDF).<br \/>\n&#8220;Falamos num tempo em que muito pouco existia em termos de materiais e recursos, at\u00e9 mesmo na forma\u00e7\u00e3o dos catequistas, e Monsenhor Am\u00edlcar do Amaral apresentou-se como &#8220;um dos melhores&#8221;, talvez mesmo como &#8220;um vision\u00e1rio e s\u00f3lido inovador&#8221; na \u00e1rea da catequese contribuindo para uma estrutura\u00e7\u00e3o da catequese no nosso pa\u00eds, um plano de forma\u00e7\u00e3o e a edi\u00e7\u00e3o dos primeiros catecismos&#8221;.<br \/>\nAs inscri\u00e7\u00f5es podem ser realizadas em qualquer Departamento de Catequese nas diferentes dioceses ou Online.<\/p>\n<p>fonte: <a href=\"http:\/\/www.educris.com\/\" target=\"_blank\">http:\/\/www.educris.com\/<\/a><\/p>\n<p>&nbsp;<\/p>\n","protected":false},"excerpt":{"rendered":"<p>De 25 a 27 de outubro de 2019 o Centro Paulo VI, em F\u00e1tima, acolhe mais uma edi\u00e7\u00e3o das Jornadas Nacionais de Catequistas 2019 (JNC19), com o tema \u201cUma Catequese Inovadora\u201d. A iniciativa, do Departamento de Catequese do Secretariado Nacional da Educa\u00e7\u00e3o Crist\u00e3 (SNEC), vai homenagear a figura de Monsenhor Am\u00edlcar do Amaral e apresentar [&hellip;]<\/p>\n","protected":false},"author":1,"featured_media":8058,"comment_status":"open","ping_status":"closed","sticky":false,"template":"","format":"standard","meta":{"ngg_post_thumbnail":0},"categories":[1,4,2,6,22],"tags":[],"_links":{"self":[{"href":"http:\/\/paroquiagloria.org\/v2\/index.php?rest_route=\/wp\/v2\/posts\/8057"}],"collection":[{"href":"http:\/\/paroquiagloria.org\/v2\/index.php?rest_route=\/wp\/v2\/posts"}],"about":[{"href":"http:\/\/paroquiagloria.org\/v2\/index.php?rest_route=\/wp\/v2\/types\/post"}],"author":[{"embeddable":true,"href":"http:\/\/paroquiagloria.org\/v2\/index.php?rest_route=\/wp\/v2\/users\/1"}],"replies":[{"embeddable":true,"href":"http:\/\/paroquiagloria.org\/v2\/index.php?rest_route=%2Fwp%2Fv2%2Fcomments&post=8057"}],"version-history":[{"count":1,"href":"http:\/\/paroquiagloria.org\/v2\/index.php?rest_route=\/wp\/v2\/posts\/8057\/revisions"}],"predecessor-version":[{"id":8060,"href":"http:\/\/paroquiagloria.org\/v2\/index.php?rest_route=\/wp\/v2\/posts\/8057\/revisions\/8060"}],"wp:featuredmedia":[{"embeddable":true,"href":"http:\/\/paroquiagloria.org\/v2\/index.php?rest_route=\/wp\/v2\/media\/8058"}],"wp:attachment":[{"href":"http:\/\/paroquiagloria.org\/v2\/index.php?rest_route=%2Fwp%2Fv2%2Fmedia&parent=8057"}],"wp:term":[{"taxonomy":"category","embeddable":true,"href":"http:\/\/paroquiagloria.org\/v2\/index.php?rest_route=%2Fwp%2Fv2%2Fcategories&post=8057"},{"taxonomy":"post_tag","embeddable":true,"href":"http:\/\/paroquiagloria.org\/v2\/index.php?rest_route=%2Fwp%2Fv2%2Ftags&post=8057"}],"curies":[{"name":"wp","href":"https:\/\/api.w.org\/{rel}","templated":true}]}}