{"id":8050,"date":"2019-10-19T18:20:54","date_gmt":"2019-10-19T18:20:54","guid":{"rendered":"http:\/\/paroquiagloria.org\/v2\/?p=8050"},"modified":"2019-10-19T18:21:06","modified_gmt":"2019-10-19T18:21:06","slug":"caminhada-solidaria-pela-vida","status":"publish","type":"post","link":"http:\/\/paroquiagloria.org\/v2\/?p=8050","title":{"rendered":"Caminhada Solid\u00e1ria pela VIDA"},"content":{"rendered":"<p><a href=\"http:\/\/paroquiagloria.org\/v2\/wp-content\/uploads\/2019\/10\/3CaminhadaSolidaria.jpg\"><img loading=\"lazy\" class=\"size-large wp-image-8051 aligncenter\" src=\"http:\/\/paroquiagloria.org\/v2\/wp-content\/uploads\/2019\/10\/3CaminhadaSolidaria-724x1024.jpg\" alt=\"3CaminhadaSolidaria\" width=\"724\" height=\"1024\" srcset=\"http:\/\/paroquiagloria.org\/v2\/wp-content\/uploads\/2019\/10\/3CaminhadaSolidaria-724x1024.jpg 724w, http:\/\/paroquiagloria.org\/v2\/wp-content\/uploads\/2019\/10\/3CaminhadaSolidaria-212x300.jpg 212w, http:\/\/paroquiagloria.org\/v2\/wp-content\/uploads\/2019\/10\/3CaminhadaSolidaria.jpg 905w\" sizes=\"(max-width: 724px) 100vw, 724px\" \/><\/a><\/p>\n<p>Decorre no pr\u00f3ximo dia 26 de Outubro a III Caminhada Solid\u00e1ria pela Vida, na cidade de Aveiro, tendo in\u00edcio no Largo do Mercado Manuel Firmino, \u00e0s 15h.<br \/>\nPara participar deve-se inscrever via ADAV-Aveiro ou no Secretariado Paroquial.<\/p>\n","protected":false},"excerpt":{"rendered":"<p>Decorre no pr\u00f3ximo dia 26 de Outubro a III Caminhada Solid\u00e1ria pela Vida, na cidade de Aveiro, tendo in\u00edcio no Largo do Mercado Manuel Firmino, \u00e0s 15h. Para participar deve-se inscrever via ADAV-Aveiro ou no Secretariado Paroquial.<\/p>\n","protected":false},"author":1,"featured_media":6206,"comment_status":"open","ping_status":"closed","sticky":false,"template":"","format":"standard","meta":{"ngg_post_thumbnail":0},"categories":[1,4,2,6],"tags":[],"_links":{"self":[{"href":"http:\/\/paroquiagloria.org\/v2\/index.php?rest_route=\/wp\/v2\/posts\/8050"}],"collection":[{"href":"http:\/\/paroquiagloria.org\/v2\/index.php?rest_route=\/wp\/v2\/posts"}],"about":[{"href":"http:\/\/paroquiagloria.org\/v2\/index.php?rest_route=\/wp\/v2\/types\/post"}],"author":[{"embeddable":true,"href":"http:\/\/paroquiagloria.org\/v2\/index.php?rest_route=\/wp\/v2\/users\/1"}],"replies":[{"embeddable":true,"href":"http:\/\/paroquiagloria.org\/v2\/index.php?rest_route=%2Fwp%2Fv2%2Fcomments&post=8050"}],"version-history":[{"count":1,"href":"http:\/\/paroquiagloria.org\/v2\/index.php?rest_route=\/wp\/v2\/posts\/8050\/revisions"}],"predecessor-version":[{"id":8052,"href":"http:\/\/paroquiagloria.org\/v2\/index.php?rest_route=\/wp\/v2\/posts\/8050\/revisions\/8052"}],"wp:featuredmedia":[{"embeddable":true,"href":"http:\/\/paroquiagloria.org\/v2\/index.php?rest_route=\/wp\/v2\/media\/6206"}],"wp:attachment":[{"href":"http:\/\/paroquiagloria.org\/v2\/index.php?rest_route=%2Fwp%2Fv2%2Fmedia&parent=8050"}],"wp:term":[{"taxonomy":"category","embeddable":true,"href":"http:\/\/paroquiagloria.org\/v2\/index.php?rest_route=%2Fwp%2Fv2%2Fcategories&post=8050"},{"taxonomy":"post_tag","embeddable":true,"href":"http:\/\/paroquiagloria.org\/v2\/index.php?rest_route=%2Fwp%2Fv2%2Ftags&post=8050"}],"curies":[{"name":"wp","href":"https:\/\/api.w.org\/{rel}","templated":true}]}}