{"id":8048,"date":"2019-10-19T18:04:21","date_gmt":"2019-10-19T18:04:21","guid":{"rendered":"http:\/\/paroquiagloria.org\/v2\/?p=8048"},"modified":"2019-10-19T18:04:21","modified_gmt":"2019-10-19T18:04:21","slug":"vigilia-missionaria-2","status":"publish","type":"post","link":"http:\/\/paroquiagloria.org\/v2\/?p=8048","title":{"rendered":"Vig\u00edlia Mission\u00e1ria"},"content":{"rendered":"<p><img loading=\"lazy\" class=\"size-full wp-image-8011 aligncenter\" src=\"http:\/\/paroquiagloria.org\/v2\/wp-content\/uploads\/2019\/10\/banner_mesmossionarioextra_19.jpg\" alt=\"banner_mesmossionarioextra_19\" width=\"960\" height=\"450\" srcset=\"http:\/\/paroquiagloria.org\/v2\/wp-content\/uploads\/2019\/10\/banner_mesmossionarioextra_19.jpg 960w, http:\/\/paroquiagloria.org\/v2\/wp-content\/uploads\/2019\/10\/banner_mesmossionarioextra_19-300x141.jpg 300w\" sizes=\"(max-width: 960px) 100vw, 960px\" \/><\/p>\n<p>&nbsp;<\/p>\n<p>O M\u00eas Mission\u00e1rio Extraordin\u00e1rio, convocado pelo Papa Francisco e sobre o lema \u201cBaptizados e Enviados. A Igreja de Cristo em Miss\u00e3o no Mundo\u201d, termina, na Diocese de Aveiro, com uma Vig\u00edlia Mission\u00e1ria que ter\u00e1 in\u00edcio \u00e0s 18h do dia 27 de Outubro na Igreja de Santa Joana, e ser\u00e1 presidida pelo Sr. Bispo.<br \/>\nSintamo-nos todos convocados para esta Miss\u00e3o!<\/p>\n<p>&nbsp;<\/p>\n","protected":false},"excerpt":{"rendered":"<p>&nbsp; O M\u00eas Mission\u00e1rio Extraordin\u00e1rio, convocado pelo Papa Francisco e sobre o lema \u201cBaptizados e Enviados. A Igreja de Cristo em Miss\u00e3o no Mundo\u201d, termina, na Diocese de Aveiro, com uma Vig\u00edlia Mission\u00e1ria que ter\u00e1 in\u00edcio \u00e0s 18h do dia 27 de Outubro na Igreja de Santa Joana, e ser\u00e1 presidida pelo Sr. Bispo. Sintamo-nos [&hellip;]<\/p>\n","protected":false},"author":1,"featured_media":8011,"comment_status":"open","ping_status":"closed","sticky":false,"template":"","format":"standard","meta":{"ngg_post_thumbnail":0},"categories":[1,4,2,6,22],"tags":[],"_links":{"self":[{"href":"http:\/\/paroquiagloria.org\/v2\/index.php?rest_route=\/wp\/v2\/posts\/8048"}],"collection":[{"href":"http:\/\/paroquiagloria.org\/v2\/index.php?rest_route=\/wp\/v2\/posts"}],"about":[{"href":"http:\/\/paroquiagloria.org\/v2\/index.php?rest_route=\/wp\/v2\/types\/post"}],"author":[{"embeddable":true,"href":"http:\/\/paroquiagloria.org\/v2\/index.php?rest_route=\/wp\/v2\/users\/1"}],"replies":[{"embeddable":true,"href":"http:\/\/paroquiagloria.org\/v2\/index.php?rest_route=%2Fwp%2Fv2%2Fcomments&post=8048"}],"version-history":[{"count":1,"href":"http:\/\/paroquiagloria.org\/v2\/index.php?rest_route=\/wp\/v2\/posts\/8048\/revisions"}],"predecessor-version":[{"id":8049,"href":"http:\/\/paroquiagloria.org\/v2\/index.php?rest_route=\/wp\/v2\/posts\/8048\/revisions\/8049"}],"wp:featuredmedia":[{"embeddable":true,"href":"http:\/\/paroquiagloria.org\/v2\/index.php?rest_route=\/wp\/v2\/media\/8011"}],"wp:attachment":[{"href":"http:\/\/paroquiagloria.org\/v2\/index.php?rest_route=%2Fwp%2Fv2%2Fmedia&parent=8048"}],"wp:term":[{"taxonomy":"category","embeddable":true,"href":"http:\/\/paroquiagloria.org\/v2\/index.php?rest_route=%2Fwp%2Fv2%2Fcategories&post=8048"},{"taxonomy":"post_tag","embeddable":true,"href":"http:\/\/paroquiagloria.org\/v2\/index.php?rest_route=%2Fwp%2Fv2%2Ftags&post=8048"}],"curies":[{"name":"wp","href":"https:\/\/api.w.org\/{rel}","templated":true}]}}