{"id":8043,"date":"2019-10-19T18:02:31","date_gmt":"2019-10-19T18:02:31","guid":{"rendered":"http:\/\/paroquiagloria.org\/v2\/?p=8043"},"modified":"2019-10-19T18:02:31","modified_gmt":"2019-10-19T18:02:31","slug":"horarios-dias-1-e-2-de-novembro","status":"publish","type":"post","link":"http:\/\/paroquiagloria.org\/v2\/?p=8043","title":{"rendered":"Hor\u00e1rios: Dias 1 e 2 de Novembro"},"content":{"rendered":"<p>&nbsp;<\/p>\n<p><a href=\"http:\/\/paroquiagloria.org\/v2\/wp-content\/uploads\/2019\/10\/fieis_cartaz_small.jpg\"><img loading=\"lazy\" class=\"size-large wp-image-8044 aligncenter\" src=\"http:\/\/paroquiagloria.org\/v2\/wp-content\/uploads\/2019\/10\/fieis_cartaz_small-725x1024.jpg\" alt=\"fieis_cartaz_small\" width=\"725\" height=\"1024\" srcset=\"http:\/\/paroquiagloria.org\/v2\/wp-content\/uploads\/2019\/10\/fieis_cartaz_small-725x1024.jpg 725w, http:\/\/paroquiagloria.org\/v2\/wp-content\/uploads\/2019\/10\/fieis_cartaz_small-212x300.jpg 212w, http:\/\/paroquiagloria.org\/v2\/wp-content\/uploads\/2019\/10\/fieis_cartaz_small.jpg 1241w\" sizes=\"(max-width: 725px) 100vw, 725px\" \/><\/a><\/p>\n<p>&nbsp;<\/p>\n<p>&nbsp;<\/p>\n<p>1 de Novembro<br \/>\nSOLENIDADE DE TODOS OS SANTOS<br \/>\n15h &#8211; Celebra\u00e7\u00e3o da Palavra no Cemit\u00e9rio Central<br \/>\n16h &#8211; Celebra\u00e7\u00e3o da Palavra no Cemit\u00e9rio Sul<\/p>\n<p>2 de Novembro<br \/>\nCOMEMORA\u00c7\u00c3O DOS Fi\u00c9IS DEFUNTOS<br \/>\n8h30 &#8211; Missa com laudes, na S\u00e9.<br \/>\n10h30 &#8211; Missa no Cemit\u00e9rio Central<br \/>\n11h &#8211; Missa no Cemit\u00e9rio Sul.<\/p>\n","protected":false},"excerpt":{"rendered":"<p>&nbsp; &nbsp; &nbsp; 1 de Novembro SOLENIDADE DE TODOS OS SANTOS 15h &#8211; Celebra\u00e7\u00e3o da Palavra no Cemit\u00e9rio Central 16h &#8211; Celebra\u00e7\u00e3o da Palavra no Cemit\u00e9rio Sul 2 de Novembro COMEMORA\u00c7\u00c3O DOS Fi\u00c9IS DEFUNTOS 8h30 &#8211; Missa com laudes, na S\u00e9. 10h30 &#8211; Missa no Cemit\u00e9rio Central 11h &#8211; Missa no Cemit\u00e9rio Sul.<\/p>\n","protected":false},"author":1,"featured_media":8045,"comment_status":"open","ping_status":"closed","sticky":false,"template":"","format":"standard","meta":{"ngg_post_thumbnail":0},"categories":[1,4,2,6,22],"tags":[],"_links":{"self":[{"href":"http:\/\/paroquiagloria.org\/v2\/index.php?rest_route=\/wp\/v2\/posts\/8043"}],"collection":[{"href":"http:\/\/paroquiagloria.org\/v2\/index.php?rest_route=\/wp\/v2\/posts"}],"about":[{"href":"http:\/\/paroquiagloria.org\/v2\/index.php?rest_route=\/wp\/v2\/types\/post"}],"author":[{"embeddable":true,"href":"http:\/\/paroquiagloria.org\/v2\/index.php?rest_route=\/wp\/v2\/users\/1"}],"replies":[{"embeddable":true,"href":"http:\/\/paroquiagloria.org\/v2\/index.php?rest_route=%2Fwp%2Fv2%2Fcomments&post=8043"}],"version-history":[{"count":1,"href":"http:\/\/paroquiagloria.org\/v2\/index.php?rest_route=\/wp\/v2\/posts\/8043\/revisions"}],"predecessor-version":[{"id":8047,"href":"http:\/\/paroquiagloria.org\/v2\/index.php?rest_route=\/wp\/v2\/posts\/8043\/revisions\/8047"}],"wp:featuredmedia":[{"embeddable":true,"href":"http:\/\/paroquiagloria.org\/v2\/index.php?rest_route=\/wp\/v2\/media\/8045"}],"wp:attachment":[{"href":"http:\/\/paroquiagloria.org\/v2\/index.php?rest_route=%2Fwp%2Fv2%2Fmedia&parent=8043"}],"wp:term":[{"taxonomy":"category","embeddable":true,"href":"http:\/\/paroquiagloria.org\/v2\/index.php?rest_route=%2Fwp%2Fv2%2Fcategories&post=8043"},{"taxonomy":"post_tag","embeddable":true,"href":"http:\/\/paroquiagloria.org\/v2\/index.php?rest_route=%2Fwp%2Fv2%2Ftags&post=8043"}],"curies":[{"name":"wp","href":"https:\/\/api.w.org\/{rel}","templated":true}]}}