{"id":8027,"date":"2019-10-12T18:54:34","date_gmt":"2019-10-12T18:54:34","guid":{"rendered":"http:\/\/paroquiagloria.org\/v2\/?p=8027"},"modified":"2019-10-12T18:54:34","modified_gmt":"2019-10-12T18:54:34","slug":"say-yes-aprender-a-dizer-sim-2","status":"publish","type":"post","link":"http:\/\/paroquiagloria.org\/v2\/?p=8027","title":{"rendered":"Say Yes:  Aprender a dizer sim"},"content":{"rendered":"<p>&nbsp;<\/p>\n<p><a href=\"http:\/\/paroquiagloria.org\/v2\/wp-content\/uploads\/2019\/10\/SayYes_Aveiro.jpg\"><img loading=\"lazy\" class=\"size-full wp-image-8001 aligncenter\" src=\"http:\/\/paroquiagloria.org\/v2\/wp-content\/uploads\/2019\/10\/SayYes_Aveiro.jpg\" alt=\"SayYes_Aveiro\" width=\"644\" height=\"212\" srcset=\"http:\/\/paroquiagloria.org\/v2\/wp-content\/uploads\/2019\/10\/SayYes_Aveiro.jpg 644w, http:\/\/paroquiagloria.org\/v2\/wp-content\/uploads\/2019\/10\/SayYes_Aveiro-300x99.jpg 300w\" sizes=\"(max-width: 644px) 100vw, 644px\" \/><\/a><\/p>\n<p>O programa de forma\u00e7\u00e3o \u201c<span style=\"text-decoration: underline;\"><strong>Say Yes: aprender a dizer sim<\/strong><\/span>\u201d \u00e9 um projecto de catequese de adolescentes rumo \u00e0s Jornadas Mundiais da Juventude em 2022.<br \/>\nA Diocese de Aveiro, atrav\u00e9s do seu Departamento Diocesano de Catequese, far\u00e1 os encontros para apresenta\u00e7\u00e3o e forma\u00e7\u00e3o a Catequistas do projecto \u201cSay Yes\u201d, nos dias:<\/p>\n<p style=\"padding-left: 30px;\">&#8211; ter\u00e7a-feira, dia <strong>15 de Outubro<\/strong>, \u00e0s 21h, no Semin\u00e1rio de Santa Joana Princesa;<br \/>\n&#8211; quarta-feira, dia <strong>16 de Outubro<\/strong>, \u00e0s 10h, no Semin\u00e1rio de Santa Joana Princesa (para sacerdotes);<br \/>\n&#8211; quarta-feira, dia <strong>16 de Outubro<\/strong>, \u00e0s 21h, no CEFAS em \u00c1gueda (para os que n\u00e3o foram no dia 15).<\/p>\n<p style=\"text-align: right;\"><em>fonte: Comiss\u00e3o Diocesana da Cultura<\/em><\/p>\n","protected":false},"excerpt":{"rendered":"<p>&nbsp; O programa de forma\u00e7\u00e3o \u201cSay Yes: aprender a dizer sim\u201d \u00e9 um projecto de catequese de adolescentes rumo \u00e0s Jornadas Mundiais da Juventude em 2022. A Diocese de Aveiro, atrav\u00e9s do seu Departamento Diocesano de Catequese, far\u00e1 os encontros para apresenta\u00e7\u00e3o e forma\u00e7\u00e3o a Catequistas do projecto \u201cSay Yes\u201d, nos dias: &#8211; ter\u00e7a-feira, dia [&hellip;]<\/p>\n","protected":false},"author":1,"featured_media":8002,"comment_status":"open","ping_status":"closed","sticky":false,"template":"","format":"standard","meta":{"ngg_post_thumbnail":0},"categories":[1,4,2,6,22],"tags":[],"_links":{"self":[{"href":"http:\/\/paroquiagloria.org\/v2\/index.php?rest_route=\/wp\/v2\/posts\/8027"}],"collection":[{"href":"http:\/\/paroquiagloria.org\/v2\/index.php?rest_route=\/wp\/v2\/posts"}],"about":[{"href":"http:\/\/paroquiagloria.org\/v2\/index.php?rest_route=\/wp\/v2\/types\/post"}],"author":[{"embeddable":true,"href":"http:\/\/paroquiagloria.org\/v2\/index.php?rest_route=\/wp\/v2\/users\/1"}],"replies":[{"embeddable":true,"href":"http:\/\/paroquiagloria.org\/v2\/index.php?rest_route=%2Fwp%2Fv2%2Fcomments&post=8027"}],"version-history":[{"count":1,"href":"http:\/\/paroquiagloria.org\/v2\/index.php?rest_route=\/wp\/v2\/posts\/8027\/revisions"}],"predecessor-version":[{"id":8028,"href":"http:\/\/paroquiagloria.org\/v2\/index.php?rest_route=\/wp\/v2\/posts\/8027\/revisions\/8028"}],"wp:featuredmedia":[{"embeddable":true,"href":"http:\/\/paroquiagloria.org\/v2\/index.php?rest_route=\/wp\/v2\/media\/8002"}],"wp:attachment":[{"href":"http:\/\/paroquiagloria.org\/v2\/index.php?rest_route=%2Fwp%2Fv2%2Fmedia&parent=8027"}],"wp:term":[{"taxonomy":"category","embeddable":true,"href":"http:\/\/paroquiagloria.org\/v2\/index.php?rest_route=%2Fwp%2Fv2%2Fcategories&post=8027"},{"taxonomy":"post_tag","embeddable":true,"href":"http:\/\/paroquiagloria.org\/v2\/index.php?rest_route=%2Fwp%2Fv2%2Ftags&post=8027"}],"curies":[{"name":"wp","href":"https:\/\/api.w.org\/{rel}","templated":true}]}}