{"id":8020,"date":"2019-10-12T18:48:50","date_gmt":"2019-10-12T18:48:50","guid":{"rendered":"http:\/\/paroquiagloria.org\/v2\/?p=8020"},"modified":"2019-10-12T18:52:27","modified_gmt":"2019-10-12T18:52:27","slug":"convocados-e-enviados","status":"publish","type":"post","link":"http:\/\/paroquiagloria.org\/v2\/?p=8020","title":{"rendered":"Convocados e Enviados"},"content":{"rendered":"<p><a href=\"http:\/\/paroquiagloria.org\/v2\/wp-content\/uploads\/2019\/10\/banner_mesmossionarioextra_19.jpg\"><img loading=\"lazy\" class=\"size-full wp-image-8011 aligncenter\" src=\"http:\/\/paroquiagloria.org\/v2\/wp-content\/uploads\/2019\/10\/banner_mesmossionarioextra_19.jpg\" alt=\"banner_mesmossionarioextra_19\" width=\"960\" height=\"450\" srcset=\"http:\/\/paroquiagloria.org\/v2\/wp-content\/uploads\/2019\/10\/banner_mesmossionarioextra_19.jpg 960w, http:\/\/paroquiagloria.org\/v2\/wp-content\/uploads\/2019\/10\/banner_mesmossionarioextra_19-300x141.jpg 300w\" sizes=\"(max-width: 960px) 100vw, 960px\" \/><\/a><\/p>\n<p>&nbsp;<\/p>\n<p>O dia <strong>vinte<\/strong>, que este ano \u00e9 o terceiro domingo de Outubro, \u00e9 o Dia Mundial das Miss\u00f5es e o ofert\u00f3rio de todas as Missas destina-se \u00e0 causa mission\u00e1ria da Igreja.<br \/>\nNa nossa Par\u00f3quia, por\u00e9m, n\u00e3o desejamos ficar apenas pela ora\u00e7\u00e3o, ainda que sincera e necess\u00e1ria, e pelo ofert\u00f3rio generoso das celebra\u00e7\u00f5es lit\u00fargicas. Queremos viver este dia em verdadeiro esp\u00edrito de miss\u00e3o, fazendo com que todos quantos desempenham algum servi\u00e7o na comunidade crist\u00e3, se sintam mission\u00e1rios, ao cumprirem com generosidade e compet\u00eancia o seu servi\u00e7o.<br \/>\n<strong>Convido, pois, todos os membros dos Conselhos Pastoral e Econ\u00f3mico e todos os que t\u00eam fun\u00e7\u00f5es ligadas \u00e0 Evangeliza\u00e7\u00e3o e Catequese, \u00e0 Liturgia, \u00e0 Ac\u00e7\u00e3o S\u00f3cio-Caritativa, \u00e0 Pastoral Familiar, Servi\u00e7os e Irmandades &#8230; a participarem na <span style=\"text-decoration: underline;\">Vig\u00edlia de Ora\u00e7\u00e3o no pr\u00f3ximo dia 19, na nossa Igreja, \u00e0s 21h30<\/span>, para a profiss\u00e3o da F\u00e9 e renova\u00e7\u00e3o dos compromissos, que manifestam particularmente a consci\u00eancia mission\u00e1ria que adv\u00e9m do Baptismo.<\/strong><br \/>\nTerminaremos com um saboroso &#8220;ch\u00e1 mission\u00e1rio&#8221;, no sal\u00e3o por cima da sacristia. Aqui fica o apelo e o desafio.<\/p>\n<p>&nbsp;<\/p>\n\r\n\t\t\t<div class='et-tabs-container et_sliderfx_fade et_sliderauto_false et_sliderauto_speed_5000 et_slidertype_top_tabs'>\r\n\t\t\t\t<ul class='et-tabs-control'>\r\n\t\t\t<li><a href='#'>\r\n\t\t\t\r\n\t\t<\/a><\/li>\r\n\t\t<\/ul> <!-- .et-tabs-control --> \r\n\t\t<div class='et-tabs-content'>\r\n\t\t\t<div class='et-tabs-content-wrapper'>\r\n\t\t\t\t<div class='et_slidecontent'>\r\n\t\t\t<span style=\"text-decoration: underline;\"><span style=\"color: #008000; text-decoration: underline;\">Vig\u00edlia Mission\u00e1ria:::<\/span><\/span> No s\u00e1bado, dia 19 de Outubro, pelas 21h30, na S\u00e9, haver\u00e1 uma Vig\u00edlia Mission\u00e1ria. Convoca-se toda a gente a estar presente, em especial todos os Agentes de Pastoral.\r\n\t\t<\/div>\r\n\t\t\t<\/div>\r\n\t\t<\/div>\r\n\t\t\t<\/div> <!-- .et-tabs-container -->\n<p>&nbsp;<\/p>\n<p><a href=\"http:\/\/paroquiagloria.org\/v2\/wp-content\/uploads\/2019\/09\/outubromissionario19.jpg\"><img loading=\"lazy\" class=\"size-full wp-image-7983 aligncenter\" src=\"http:\/\/paroquiagloria.org\/v2\/wp-content\/uploads\/2019\/09\/outubromissionario19.jpg\" alt=\"outubromissionario19\" width=\"894\" height=\"1000\" srcset=\"http:\/\/paroquiagloria.org\/v2\/wp-content\/uploads\/2019\/09\/outubromissionario19.jpg 894w, http:\/\/paroquiagloria.org\/v2\/wp-content\/uploads\/2019\/09\/outubromissionario19-268x300.jpg 268w\" sizes=\"(max-width: 894px) 100vw, 894px\" \/><\/a><\/p>\n<p>&nbsp;<\/p>\n<h2 style=\"text-align: center;\"><strong>Ora\u00e7\u00e3o mission\u00e1ria<\/strong><\/h2>\n<h3 style=\"text-align: center;\">Pai Nosso,<br \/>\no Teu Filho Unig\u00e9nito Jesus Cristo,<br \/>\nressuscitado de entre os mortos,<br \/>\nconfiou aos seus disc\u00edpulos:<br \/>\n\u201cIde e fazei disc\u00edpulos todos os povos\u201d.<br \/>\nRecorda-nos que, pelo Batismo,<br \/>\ntornamo-nos participantes<br \/>\nda miss\u00e3o da Igreja.<br \/>\nPelos dons do Esp\u00edrito Santo,<br \/>\nconcede-nos a Gra\u00e7a, de sermos<br \/>\ntestemunhas do Evangelho,<br \/>\ncorajosos e vigilantes,<br \/>\npara que a miss\u00e3o confiada \u00e0 Igreja,<br \/>\nainda longe de estar realizada,<br \/>\nencontre novas e eficazes express\u00f5es,<br \/>\nque levem vida e luz ao mundo.<br \/>\nAjuda-nos, Pai Santo,<br \/>\na fazer com que todos os povos,<br \/>\npossam encontrar-se com o amor<br \/>\ne a miseric\u00f3rdia de Jesus Cristo,<br \/>\nEle que \u00e9 Deus convosco,<br \/>\ne vive e reina,<br \/>\nna unidade do Esp\u00edrito Santo,<br \/>\nagora e para sempre.<br \/>\n\u00c1men.<\/h3>\n<p>&nbsp;<\/p>\n<p>&nbsp;<\/p>\n<div class='et-box et-info'>\r\n\t\t\t\t\t<div class='et-box-content'>O SDAM, far\u00e1 uma sess\u00e3o de esclarecimento sobre o Voluntariado Missionario (2019-2020) no pr\u00f3ximo <strong>dia 23 de Outubro, pelas 21h, no CUFC<\/strong>. <em>Mais informa\u00e7\u00f5es em: <span style=\"color: #008000;\"><a style=\"color: #008000;\" href=\"http:\/\/diocese-aveiro.pt\/sdam\" target=\"_blank\">diocese-aveiro.pt\/sdam<\/a><\/span><\/em><\/div><\/div>\n","protected":false},"excerpt":{"rendered":"<p>&nbsp; O dia vinte, que este ano \u00e9 o terceiro domingo de Outubro, \u00e9 o Dia Mundial das Miss\u00f5es e o ofert\u00f3rio de todas as Missas destina-se \u00e0 causa mission\u00e1ria da Igreja. Na nossa Par\u00f3quia, por\u00e9m, n\u00e3o desejamos ficar apenas pela ora\u00e7\u00e3o, ainda que sincera e necess\u00e1ria, e pelo ofert\u00f3rio generoso das celebra\u00e7\u00f5es lit\u00fargicas. Queremos [&hellip;]<\/p>\n","protected":false},"author":1,"featured_media":7957,"comment_status":"open","ping_status":"closed","sticky":false,"template":"","format":"standard","meta":{"ngg_post_thumbnail":0},"categories":[1,4,2,6,22],"tags":[],"_links":{"self":[{"href":"http:\/\/paroquiagloria.org\/v2\/index.php?rest_route=\/wp\/v2\/posts\/8020"}],"collection":[{"href":"http:\/\/paroquiagloria.org\/v2\/index.php?rest_route=\/wp\/v2\/posts"}],"about":[{"href":"http:\/\/paroquiagloria.org\/v2\/index.php?rest_route=\/wp\/v2\/types\/post"}],"author":[{"embeddable":true,"href":"http:\/\/paroquiagloria.org\/v2\/index.php?rest_route=\/wp\/v2\/users\/1"}],"replies":[{"embeddable":true,"href":"http:\/\/paroquiagloria.org\/v2\/index.php?rest_route=%2Fwp%2Fv2%2Fcomments&post=8020"}],"version-history":[{"count":6,"href":"http:\/\/paroquiagloria.org\/v2\/index.php?rest_route=\/wp\/v2\/posts\/8020\/revisions"}],"predecessor-version":[{"id":8026,"href":"http:\/\/paroquiagloria.org\/v2\/index.php?rest_route=\/wp\/v2\/posts\/8020\/revisions\/8026"}],"wp:featuredmedia":[{"embeddable":true,"href":"http:\/\/paroquiagloria.org\/v2\/index.php?rest_route=\/wp\/v2\/media\/7957"}],"wp:attachment":[{"href":"http:\/\/paroquiagloria.org\/v2\/index.php?rest_route=%2Fwp%2Fv2%2Fmedia&parent=8020"}],"wp:term":[{"taxonomy":"category","embeddable":true,"href":"http:\/\/paroquiagloria.org\/v2\/index.php?rest_route=%2Fwp%2Fv2%2Fcategories&post=8020"},{"taxonomy":"post_tag","embeddable":true,"href":"http:\/\/paroquiagloria.org\/v2\/index.php?rest_route=%2Fwp%2Fv2%2Ftags&post=8020"}],"curies":[{"name":"wp","href":"https:\/\/api.w.org\/{rel}","templated":true}]}}