{"id":8004,"date":"2019-10-05T18:27:53","date_gmt":"2019-10-05T18:27:53","guid":{"rendered":"http:\/\/paroquiagloria.org\/v2\/?p=8004"},"modified":"2019-10-05T18:27:53","modified_gmt":"2019-10-05T18:27:53","slug":"exposicao-a-porcelana-vista-alegre-na-diocese-de-aveiro-arte-e-devocao","status":"publish","type":"post","link":"http:\/\/paroquiagloria.org\/v2\/?p=8004","title":{"rendered":"Exposi\u00e7\u00e3o: \u201cA Porcelana Vista Alegre na Diocese de Aveiro: Arte e Devo\u00e7\u00e3o\u201d"},"content":{"rendered":"<p><a href=\"http:\/\/paroquiagloria.org\/v2\/wp-content\/uploads\/2019\/10\/banner.jpg\"><img loading=\"lazy\" class=\"size-full wp-image-8006 aligncenter\" src=\"http:\/\/paroquiagloria.org\/v2\/wp-content\/uploads\/2019\/10\/banner.jpg\" alt=\"banner\" width=\"750\" height=\"267\" srcset=\"http:\/\/paroquiagloria.org\/v2\/wp-content\/uploads\/2019\/10\/banner.jpg 750w, http:\/\/paroquiagloria.org\/v2\/wp-content\/uploads\/2019\/10\/banner-300x107.jpg 300w\" sizes=\"(max-width: 750px) 100vw, 750px\" \/><\/a><\/p>\n<p>&nbsp;<\/p>\n<p style=\"text-align: justify;\">O Museu Vista Alegre, inaugurou a 4 de Outubro, a sua nova exposi\u00e7\u00e3o tempor\u00e1ria: <strong>\u201cA Porcelana Vista Alegre na Diocese de Aveiro: Arte e Devo\u00e7\u00e3o\u201d<\/strong>.<br \/>\nEsta exposi\u00e7\u00e3o, organizada pela Vista Alegre e a Comiss\u00e3o Diocesana para os Bens Culturais da Igreja da Diocese de Aveiro, pode ser visitada todos os dias, incluindo fins-de-semana, at\u00e9 31 de Dezembro, das 10h \u00e0s 19h. <span style=\"text-decoration: underline;\"><strong>A entrada \u00e9 livre<\/strong><\/span>.<br \/>\nA exposi\u00e7\u00e3o revela ao p\u00fablico a liga\u00e7\u00e3o entre a arte da porcelana e a devo\u00e7\u00e3o, reunindo pe\u00e7as de Par\u00f3quias da Diocese de Aveiro, de coleccionadores privados e do esp\u00f3lio do Museu Vista Alegre. A porcelana Vista Alegre apresenta-se, nesta exposi\u00e7\u00e3o, como um reflexo das rela\u00e7\u00f5es entre as pr\u00e1ticas devocionais e as representa\u00e7\u00f5es art\u00edsticas e patrim\u00f3nio vivo e vivido, em partilha permanente com as comunidades.<\/p>\n<p style=\"text-align: right;\"><em>fonte: Diocese de Aveiro<\/em><\/p>\n<p style=\"text-align: right;\"><a href=\"http:\/\/paroquiagloria.org\/v2\/wp-content\/uploads\/2019\/10\/convite_exposicao_banner.jpg\"><img loading=\"lazy\" class=\"size-large wp-image-8005 aligncenter\" src=\"http:\/\/paroquiagloria.org\/v2\/wp-content\/uploads\/2019\/10\/convite_exposicao_banner-698x1024.jpg\" alt=\"convite_exposicao_banner\" width=\"698\" height=\"1024\" srcset=\"http:\/\/paroquiagloria.org\/v2\/wp-content\/uploads\/2019\/10\/convite_exposicao_banner-698x1024.jpg 698w, http:\/\/paroquiagloria.org\/v2\/wp-content\/uploads\/2019\/10\/convite_exposicao_banner-205x300.jpg 205w, http:\/\/paroquiagloria.org\/v2\/wp-content\/uploads\/2019\/10\/convite_exposicao_banner.jpg 960w\" sizes=\"(max-width: 698px) 100vw, 698px\" \/><\/a><\/p>\n","protected":false},"excerpt":{"rendered":"<p>&nbsp; O Museu Vista Alegre, inaugurou a 4 de Outubro, a sua nova exposi\u00e7\u00e3o tempor\u00e1ria: \u201cA Porcelana Vista Alegre na Diocese de Aveiro: Arte e Devo\u00e7\u00e3o\u201d. Esta exposi\u00e7\u00e3o, organizada pela Vista Alegre e a Comiss\u00e3o Diocesana para os Bens Culturais da Igreja da Diocese de Aveiro, pode ser visitada todos os dias, incluindo fins-de-semana, at\u00e9 [&hellip;]<\/p>\n","protected":false},"author":1,"featured_media":8008,"comment_status":"open","ping_status":"closed","sticky":false,"template":"","format":"standard","meta":{"ngg_post_thumbnail":0},"categories":[1,4,2,6,22],"tags":[],"_links":{"self":[{"href":"http:\/\/paroquiagloria.org\/v2\/index.php?rest_route=\/wp\/v2\/posts\/8004"}],"collection":[{"href":"http:\/\/paroquiagloria.org\/v2\/index.php?rest_route=\/wp\/v2\/posts"}],"about":[{"href":"http:\/\/paroquiagloria.org\/v2\/index.php?rest_route=\/wp\/v2\/types\/post"}],"author":[{"embeddable":true,"href":"http:\/\/paroquiagloria.org\/v2\/index.php?rest_route=\/wp\/v2\/users\/1"}],"replies":[{"embeddable":true,"href":"http:\/\/paroquiagloria.org\/v2\/index.php?rest_route=%2Fwp%2Fv2%2Fcomments&post=8004"}],"version-history":[{"count":1,"href":"http:\/\/paroquiagloria.org\/v2\/index.php?rest_route=\/wp\/v2\/posts\/8004\/revisions"}],"predecessor-version":[{"id":8009,"href":"http:\/\/paroquiagloria.org\/v2\/index.php?rest_route=\/wp\/v2\/posts\/8004\/revisions\/8009"}],"wp:featuredmedia":[{"embeddable":true,"href":"http:\/\/paroquiagloria.org\/v2\/index.php?rest_route=\/wp\/v2\/media\/8008"}],"wp:attachment":[{"href":"http:\/\/paroquiagloria.org\/v2\/index.php?rest_route=%2Fwp%2Fv2%2Fmedia&parent=8004"}],"wp:term":[{"taxonomy":"category","embeddable":true,"href":"http:\/\/paroquiagloria.org\/v2\/index.php?rest_route=%2Fwp%2Fv2%2Fcategories&post=8004"},{"taxonomy":"post_tag","embeddable":true,"href":"http:\/\/paroquiagloria.org\/v2\/index.php?rest_route=%2Fwp%2Fv2%2Ftags&post=8004"}],"curies":[{"name":"wp","href":"https:\/\/api.w.org\/{rel}","templated":true}]}}