{"id":8000,"date":"2019-10-05T18:22:04","date_gmt":"2019-10-05T18:22:04","guid":{"rendered":"http:\/\/paroquiagloria.org\/v2\/?p=8000"},"modified":"2019-10-05T18:22:04","modified_gmt":"2019-10-05T18:22:04","slug":"say-yes-aprender-a-dizer-sim","status":"publish","type":"post","link":"http:\/\/paroquiagloria.org\/v2\/?p=8000","title":{"rendered":"Say Yes: Aprender a dizer sim"},"content":{"rendered":"<p><a href=\"http:\/\/paroquiagloria.org\/v2\/wp-content\/uploads\/2019\/10\/SayYes_Aveiro.jpg\"><img loading=\"lazy\" class=\"size-full wp-image-8001 aligncenter\" src=\"http:\/\/paroquiagloria.org\/v2\/wp-content\/uploads\/2019\/10\/SayYes_Aveiro.jpg\" alt=\"SayYes_Aveiro\" width=\"644\" height=\"212\" srcset=\"http:\/\/paroquiagloria.org\/v2\/wp-content\/uploads\/2019\/10\/SayYes_Aveiro.jpg 644w, http:\/\/paroquiagloria.org\/v2\/wp-content\/uploads\/2019\/10\/SayYes_Aveiro-300x99.jpg 300w\" sizes=\"(max-width: 644px) 100vw, 644px\" \/><\/a><\/p>\n<p>&nbsp;<\/p>\n<p style=\"text-align: justify;\">O programa de forma\u00e7\u00e3o <strong>\u201cSay Yes: aprender a dizer sim\u201d<\/strong> \u00e9 um projecto de catequese de adolescentes rumo \u00e0s Jornadas Mundiais da Juventude em 2022.<br \/>\nA Diocese de Aveiro, atrav\u00e9s do seu Departamento Diocesano de Catequese, far\u00e1 os encontros para apresenta\u00e7\u00e3o e <span style=\"text-decoration: underline;\">forma\u00e7\u00e3o a Catequistas<\/span> do projecto \u201cSay Yes\u201d, nos dias:<\/p>\n<p style=\"padding-left: 30px; text-align: justify;\">&#8211; <strong>ter\u00e7a-feira, dia 15 de Outubro, \u00e0s 21h<\/strong>, no Semin\u00e1rio de Santa Joana Princesa;<br \/>\n&#8211; <strong>quarta-feira, dia 16 de Outubro, \u00e0s 10h<\/strong>, no Semin\u00e1rio de Santa Joana Princesa (para sacerdotes);<br \/>\n&#8211; q<strong>uarta-feira, dia 16 de Outubro, \u00e0s 21h<\/strong>, no CEFAS em \u00c1gueda.<\/p>\n<p style=\"text-align: justify;\">A proposta surge \u201cda reflex\u00e3o que temos vindo a realizar na catequese dos adolescentes\u201d e da certeza \u201cde que o acontecimento JMJ Lisboa 2022 n\u00e3o pode passar ao lado dos adolescentes que frequentam a catequese\u201d, afirmou D. Ant\u00f3nio Moiteiro, presidente da Comiss\u00e3o Episcopal da Educa\u00e7\u00e3o Crist\u00e3 e Doutrina da F\u00e9.<br \/>\n\u201c\u00c9 um itiner\u00e1rio de prepara\u00e7\u00e3o e n\u00e3o um itiner\u00e1rio de JMJ. Tem uma clara nota vocacional para ajudar os adolescentes a dizerem sim ao projeto de Deus e desenvolve-se em tr\u00eas anos pastorais com clara inspira\u00e7\u00e3o no caminho sinodal sobre os jovens valorizando os conte\u00fados da exorta\u00e7\u00e3o apost\u00f3lica <em>Cristo Vive<\/em>\u201d.<br \/>\n\u201cEste \u2018Say yes \u2013 aprender a dizer sim\u2019, quer ser contributo para a renova\u00e7\u00e3o da catequese com adolescentes e, por isso, usaremos o m\u00e9todo constante na <em>Evangelium Gaudium<\/em>, do Papa Francisco, com tr\u00eas momentos: Reconhecer, interpretar e escolher, de modo a poder fazer dele um laborat\u00f3rio de inova\u00e7\u00e3o catequ\u00e9tica\u201d.<\/p>\n<p style=\"text-align: right;\"><em>fontes: Comiss\u00e3o Diocesana da Cultura e Voz Portucalense<\/em><\/p>\n","protected":false},"excerpt":{"rendered":"<p>&nbsp; O programa de forma\u00e7\u00e3o \u201cSay Yes: aprender a dizer sim\u201d \u00e9 um projecto de catequese de adolescentes rumo \u00e0s Jornadas Mundiais da Juventude em 2022. A Diocese de Aveiro, atrav\u00e9s do seu Departamento Diocesano de Catequese, far\u00e1 os encontros para apresenta\u00e7\u00e3o e forma\u00e7\u00e3o a Catequistas do projecto \u201cSay Yes\u201d, nos dias: &#8211; ter\u00e7a-feira, dia [&hellip;]<\/p>\n","protected":false},"author":1,"featured_media":8002,"comment_status":"open","ping_status":"closed","sticky":false,"template":"","format":"standard","meta":{"ngg_post_thumbnail":0},"categories":[1,4,2,6,22],"tags":[],"_links":{"self":[{"href":"http:\/\/paroquiagloria.org\/v2\/index.php?rest_route=\/wp\/v2\/posts\/8000"}],"collection":[{"href":"http:\/\/paroquiagloria.org\/v2\/index.php?rest_route=\/wp\/v2\/posts"}],"about":[{"href":"http:\/\/paroquiagloria.org\/v2\/index.php?rest_route=\/wp\/v2\/types\/post"}],"author":[{"embeddable":true,"href":"http:\/\/paroquiagloria.org\/v2\/index.php?rest_route=\/wp\/v2\/users\/1"}],"replies":[{"embeddable":true,"href":"http:\/\/paroquiagloria.org\/v2\/index.php?rest_route=%2Fwp%2Fv2%2Fcomments&post=8000"}],"version-history":[{"count":1,"href":"http:\/\/paroquiagloria.org\/v2\/index.php?rest_route=\/wp\/v2\/posts\/8000\/revisions"}],"predecessor-version":[{"id":8003,"href":"http:\/\/paroquiagloria.org\/v2\/index.php?rest_route=\/wp\/v2\/posts\/8000\/revisions\/8003"}],"wp:featuredmedia":[{"embeddable":true,"href":"http:\/\/paroquiagloria.org\/v2\/index.php?rest_route=\/wp\/v2\/media\/8002"}],"wp:attachment":[{"href":"http:\/\/paroquiagloria.org\/v2\/index.php?rest_route=%2Fwp%2Fv2%2Fmedia&parent=8000"}],"wp:term":[{"taxonomy":"category","embeddable":true,"href":"http:\/\/paroquiagloria.org\/v2\/index.php?rest_route=%2Fwp%2Fv2%2Fcategories&post=8000"},{"taxonomy":"post_tag","embeddable":true,"href":"http:\/\/paroquiagloria.org\/v2\/index.php?rest_route=%2Fwp%2Fv2%2Ftags&post=8000"}],"curies":[{"name":"wp","href":"https:\/\/api.w.org\/{rel}","templated":true}]}}