{"id":7981,"date":"2019-09-28T17:55:28","date_gmt":"2019-09-28T17:55:28","guid":{"rendered":"http:\/\/paroquiagloria.org\/v2\/?p=7981"},"modified":"2019-09-28T17:55:28","modified_gmt":"2019-09-28T17:55:28","slug":"dia-mundial-do-migrante-e-do-refugiado","status":"publish","type":"post","link":"http:\/\/paroquiagloria.org\/v2\/?p=7981","title":{"rendered":"Dia Mundial do Migrante e do Refugiado"},"content":{"rendered":"<p>&nbsp;<\/p>\n<p><a href=\"http:\/\/paroquiagloria.org\/v2\/wp-content\/uploads\/2019\/09\/MIGRANTE-REFUGIADO_low.jpg\"><img loading=\"lazy\" class=\"size-large wp-image-7982 aligncenter\" src=\"http:\/\/paroquiagloria.org\/v2\/wp-content\/uploads\/2019\/09\/MIGRANTE-REFUGIADO_low-1024x576.jpg\" alt=\"MIGRANTE-REFUGIADO_low\" width=\"1024\" height=\"576\" srcset=\"http:\/\/paroquiagloria.org\/v2\/wp-content\/uploads\/2019\/09\/MIGRANTE-REFUGIADO_low-1024x576.jpg 1024w, http:\/\/paroquiagloria.org\/v2\/wp-content\/uploads\/2019\/09\/MIGRANTE-REFUGIADO_low-300x169.jpg 300w, http:\/\/paroquiagloria.org\/v2\/wp-content\/uploads\/2019\/09\/MIGRANTE-REFUGIADO_low.jpg 1920w\" sizes=\"(max-width: 1024px) 100vw, 1024px\" \/><\/a><\/p>\n<p>&nbsp;<\/p>\n<h3><strong>\u201cN\u00e3o se trata apenas de migrantes\u201d<\/strong><\/h3>\n<p>Eis o tema proposto pelo Papa Francisco para a celebra\u00e7\u00e3o do Dia Mundial do Migrante e do Refugiado em 29 de Setembro.<br \/>\nA Santa S\u00e9 convida cada um de n\u00f3s para que fa\u00e7amos uma reflex\u00e3o s\u00e9ria sobre a realidade migrat\u00f3ria que todos os dias chega \u00e0s nossas casas atrav\u00e9s dos meios de comunica\u00e7\u00e3o social. S\u00e3o vidas de irm\u00e3os que se v\u00e3o jogando no tabuleiro pol\u00edtico, econ\u00f3mico e social. S\u00e3o vidas que, infelizmente, n\u00e3o passam de n\u00fameros e se v\u00e3o transformando em medos infundados que \u00e9 preciso combater.<br \/>\nO Departamento da Mobilidade Humana conta com a colabora\u00e7\u00e3o preciosa de cada um para que o dia 29 de Setembro seja celebrado como dia de esperan\u00e7a onde ningu\u00e9m se sinta estrangeiro mas antes concidad\u00e3o de mundo onde h\u00e1 lugar para todos.<\/p>\n<p style=\"text-align: right;\"><em>fonte: Diocese de Aveiro<\/em><\/p>\n","protected":false},"excerpt":{"rendered":"<p>&nbsp; &nbsp; \u201cN\u00e3o se trata apenas de migrantes\u201d Eis o tema proposto pelo Papa Francisco para a celebra\u00e7\u00e3o do Dia Mundial do Migrante e do Refugiado em 29 de Setembro. A Santa S\u00e9 convida cada um de n\u00f3s para que fa\u00e7amos uma reflex\u00e3o s\u00e9ria sobre a realidade migrat\u00f3ria que todos os dias chega \u00e0s nossas [&hellip;]<\/p>\n","protected":false},"author":1,"featured_media":7986,"comment_status":"open","ping_status":"closed","sticky":false,"template":"","format":"standard","meta":{"ngg_post_thumbnail":0},"categories":[1,4,2,6,22],"tags":[],"_links":{"self":[{"href":"http:\/\/paroquiagloria.org\/v2\/index.php?rest_route=\/wp\/v2\/posts\/7981"}],"collection":[{"href":"http:\/\/paroquiagloria.org\/v2\/index.php?rest_route=\/wp\/v2\/posts"}],"about":[{"href":"http:\/\/paroquiagloria.org\/v2\/index.php?rest_route=\/wp\/v2\/types\/post"}],"author":[{"embeddable":true,"href":"http:\/\/paroquiagloria.org\/v2\/index.php?rest_route=\/wp\/v2\/users\/1"}],"replies":[{"embeddable":true,"href":"http:\/\/paroquiagloria.org\/v2\/index.php?rest_route=%2Fwp%2Fv2%2Fcomments&post=7981"}],"version-history":[{"count":1,"href":"http:\/\/paroquiagloria.org\/v2\/index.php?rest_route=\/wp\/v2\/posts\/7981\/revisions"}],"predecessor-version":[{"id":7987,"href":"http:\/\/paroquiagloria.org\/v2\/index.php?rest_route=\/wp\/v2\/posts\/7981\/revisions\/7987"}],"wp:featuredmedia":[{"embeddable":true,"href":"http:\/\/paroquiagloria.org\/v2\/index.php?rest_route=\/wp\/v2\/media\/7986"}],"wp:attachment":[{"href":"http:\/\/paroquiagloria.org\/v2\/index.php?rest_route=%2Fwp%2Fv2%2Fmedia&parent=7981"}],"wp:term":[{"taxonomy":"category","embeddable":true,"href":"http:\/\/paroquiagloria.org\/v2\/index.php?rest_route=%2Fwp%2Fv2%2Fcategories&post=7981"},{"taxonomy":"post_tag","embeddable":true,"href":"http:\/\/paroquiagloria.org\/v2\/index.php?rest_route=%2Fwp%2Fv2%2Ftags&post=7981"}],"curies":[{"name":"wp","href":"https:\/\/api.w.org\/{rel}","templated":true}]}}