{"id":7966,"date":"2019-09-21T18:52:10","date_gmt":"2019-09-21T18:52:10","guid":{"rendered":"http:\/\/paroquiagloria.org\/v2\/?p=7966"},"modified":"2019-09-21T18:52:10","modified_gmt":"2019-09-21T18:52:10","slug":"d-manuel-de-almeida-trindade","status":"publish","type":"post","link":"http:\/\/paroquiagloria.org\/v2\/?p=7966","title":{"rendered":"D. Manuel de Almeida Trindade"},"content":{"rendered":"<p><a href=\"http:\/\/paroquiagloria.org\/v2\/wp-content\/uploads\/2019\/09\/dmanuel_01.jpg\"><img loading=\"lazy\" class=\"size-full wp-image-7967 aligncenter\" src=\"http:\/\/paroquiagloria.org\/v2\/wp-content\/uploads\/2019\/09\/dmanuel_01.jpg\" alt=\"dmanuel_01\" width=\"960\" height=\"450\" srcset=\"http:\/\/paroquiagloria.org\/v2\/wp-content\/uploads\/2019\/09\/dmanuel_01.jpg 960w, http:\/\/paroquiagloria.org\/v2\/wp-content\/uploads\/2019\/09\/dmanuel_01-300x141.jpg 300w\" sizes=\"(max-width: 960px) 100vw, 960px\" \/><\/a><\/p>\n<p>&nbsp;<\/p>\n<p>A Irmandade de Santa Joana Princesa vai investir, este domingo, dia 22 de setembro, pelas 15h00, na Igreja de Jesus, D. Afonso de Santa Maria e D.\u00aa Maria Francisca de Bragan\u00e7a e, a t\u00edtulo p\u00f3stumo, <strong>D. Manuel de Almeida Trindade<\/strong> e Dr. Querubim do Valle Guimar\u00e3es como Irm\u00e3os honor\u00e1rios de Santa Joana.<br \/>\nD. Manuel de Almeida Trindade, bispo de Aveiro entre 1962 e 1988 e que muito contribuiu para a dinamiza\u00e7\u00e3o do culto a Santa Joana, nomeadamente atrav\u00e9s da concess\u00e3o obtida junto do papa Paulo VI em declarar a Infanta como Padroeira da Cidade e da Diocese de Aveiro e a institui\u00e7\u00e3o, em 1987, da Comiss\u00e3o Administrativa da Irmandade, que lhe imprimiu ineg\u00e1vel dinamismo.<\/p>\n<p style=\"text-align: right;\"><em>fonte: Correio do Vouga<\/em><\/p>\n<p style=\"text-align: right;\">Not\u00edcia mais desenvolvida <a href=\"http:\/\/www.diocese-aveiro.pt\/v2\/?p=18408\" target=\"_blank\">AQUI<\/a><\/p>\n","protected":false},"excerpt":{"rendered":"<p>&nbsp; A Irmandade de Santa Joana Princesa vai investir, este domingo, dia 22 de setembro, pelas 15h00, na Igreja de Jesus, D. Afonso de Santa Maria e D.\u00aa Maria Francisca de Bragan\u00e7a e, a t\u00edtulo p\u00f3stumo, D. Manuel de Almeida Trindade e Dr. Querubim do Valle Guimar\u00e3es como Irm\u00e3os honor\u00e1rios de Santa Joana. D. Manuel [&hellip;]<\/p>\n","protected":false},"author":1,"featured_media":7967,"comment_status":"open","ping_status":"closed","sticky":false,"template":"","format":"standard","meta":{"ngg_post_thumbnail":0},"categories":[1,4,2,6],"tags":[],"_links":{"self":[{"href":"http:\/\/paroquiagloria.org\/v2\/index.php?rest_route=\/wp\/v2\/posts\/7966"}],"collection":[{"href":"http:\/\/paroquiagloria.org\/v2\/index.php?rest_route=\/wp\/v2\/posts"}],"about":[{"href":"http:\/\/paroquiagloria.org\/v2\/index.php?rest_route=\/wp\/v2\/types\/post"}],"author":[{"embeddable":true,"href":"http:\/\/paroquiagloria.org\/v2\/index.php?rest_route=\/wp\/v2\/users\/1"}],"replies":[{"embeddable":true,"href":"http:\/\/paroquiagloria.org\/v2\/index.php?rest_route=%2Fwp%2Fv2%2Fcomments&post=7966"}],"version-history":[{"count":1,"href":"http:\/\/paroquiagloria.org\/v2\/index.php?rest_route=\/wp\/v2\/posts\/7966\/revisions"}],"predecessor-version":[{"id":7968,"href":"http:\/\/paroquiagloria.org\/v2\/index.php?rest_route=\/wp\/v2\/posts\/7966\/revisions\/7968"}],"wp:featuredmedia":[{"embeddable":true,"href":"http:\/\/paroquiagloria.org\/v2\/index.php?rest_route=\/wp\/v2\/media\/7967"}],"wp:attachment":[{"href":"http:\/\/paroquiagloria.org\/v2\/index.php?rest_route=%2Fwp%2Fv2%2Fmedia&parent=7966"}],"wp:term":[{"taxonomy":"category","embeddable":true,"href":"http:\/\/paroquiagloria.org\/v2\/index.php?rest_route=%2Fwp%2Fv2%2Fcategories&post=7966"},{"taxonomy":"post_tag","embeddable":true,"href":"http:\/\/paroquiagloria.org\/v2\/index.php?rest_route=%2Fwp%2Fv2%2Ftags&post=7966"}],"curies":[{"name":"wp","href":"https:\/\/api.w.org\/{rel}","templated":true}]}}