{"id":7955,"date":"2019-09-21T18:40:13","date_gmt":"2019-09-21T18:40:13","guid":{"rendered":"http:\/\/paroquiagloria.org\/v2\/?p=7955"},"modified":"2019-09-21T18:44:24","modified_gmt":"2019-09-21T18:44:24","slug":"mes-missionario-extraordinario","status":"publish","type":"post","link":"http:\/\/paroquiagloria.org\/v2\/?p=7955","title":{"rendered":"M\u00eas Mission\u00e1rio Extraordin\u00e1rio"},"content":{"rendered":"<p><a href=\"http:\/\/paroquiagloria.org\/v2\/wp-content\/uploads\/2018\/10\/Aveiro_miss\u00e3o.jpg\"><img loading=\"lazy\" class=\"size-full wp-image-6972 aligncenter\" src=\"http:\/\/paroquiagloria.org\/v2\/wp-content\/uploads\/2018\/10\/Aveiro_miss\u00e3o.jpg\" alt=\"Aveiro_miss\u00e3o\" width=\"960\" height=\"450\" srcset=\"http:\/\/paroquiagloria.org\/v2\/wp-content\/uploads\/2018\/10\/Aveiro_miss\u00e3o.jpg 960w, http:\/\/paroquiagloria.org\/v2\/wp-content\/uploads\/2018\/10\/Aveiro_miss\u00e3o-300x141.jpg 300w\" sizes=\"(max-width: 960px) 100vw, 960px\" \/><\/a><\/p>\n<p>&nbsp;<\/p>\n<p>\u201c<strong>Pedi a toda a Igreja que vivesse um tempo extraordin\u00e1rio de missionariedade no m\u00eas de outubro de 2019<\/strong>, para comemorar o centen\u00e1rio da promulga\u00e7\u00e3o da Carta apost\u00f3lica Maximum illud do Papa Bento XV. A clarivid\u00eancia prof\u00e9tica da sua proposta apost\u00f3lica confirmou-se como \u00e9 importante, ainda hoje, renovar o compromisso mission\u00e1rio da Igreja, potenciar evangelicamente a sua miss\u00e3o de anunciar e levar ao mundo a salva\u00e7\u00e3o de Jesus Cristo, morto e ressuscitado.\u201d<br \/>\n<em>(Papa Francisco na Mensagem para o Dia Mundial das Miss\u00f5es 2019)<\/em><\/p>\n<p>&nbsp;<\/p>\n<p>mais informa\u00e7\u00f5es <a href=\"http:\/\/diocese-aveiro.pt\/cultura\/acontece-a-caminho-da-vivencia-do-mes-missionario-extraordinario\/\" target=\"_blank\">AQUI<\/a><\/p>\n<p>&nbsp;<\/p>\n<p><a href=\"http:\/\/paroquiagloria.org\/v2\/wp-content\/uploads\/2019\/09\/DMMissoes_small.jpg\"><img loading=\"lazy\" class=\"size-large wp-image-7956 aligncenter\" src=\"http:\/\/paroquiagloria.org\/v2\/wp-content\/uploads\/2019\/09\/DMMissoes_small-736x1024.jpg\" alt=\"DMMissoes_small\" width=\"736\" height=\"1024\" srcset=\"http:\/\/paroquiagloria.org\/v2\/wp-content\/uploads\/2019\/09\/DMMissoes_small-736x1024.jpg 736w, http:\/\/paroquiagloria.org\/v2\/wp-content\/uploads\/2019\/09\/DMMissoes_small-216x300.jpg 216w, http:\/\/paroquiagloria.org\/v2\/wp-content\/uploads\/2019\/09\/DMMissoes_small.jpg 771w\" sizes=\"(max-width: 736px) 100vw, 736px\" \/><\/a><\/p>\n","protected":false},"excerpt":{"rendered":"<p>&nbsp; \u201cPedi a toda a Igreja que vivesse um tempo extraordin\u00e1rio de missionariedade no m\u00eas de outubro de 2019, para comemorar o centen\u00e1rio da promulga\u00e7\u00e3o da Carta apost\u00f3lica Maximum illud do Papa Bento XV. A clarivid\u00eancia prof\u00e9tica da sua proposta apost\u00f3lica confirmou-se como \u00e9 importante, ainda hoje, renovar o compromisso mission\u00e1rio da Igreja, potenciar evangelicamente [&hellip;]<\/p>\n","protected":false},"author":1,"featured_media":7957,"comment_status":"open","ping_status":"closed","sticky":false,"template":"","format":"standard","meta":{"ngg_post_thumbnail":0},"categories":[1,4,2,6,22],"tags":[],"_links":{"self":[{"href":"http:\/\/paroquiagloria.org\/v2\/index.php?rest_route=\/wp\/v2\/posts\/7955"}],"collection":[{"href":"http:\/\/paroquiagloria.org\/v2\/index.php?rest_route=\/wp\/v2\/posts"}],"about":[{"href":"http:\/\/paroquiagloria.org\/v2\/index.php?rest_route=\/wp\/v2\/types\/post"}],"author":[{"embeddable":true,"href":"http:\/\/paroquiagloria.org\/v2\/index.php?rest_route=\/wp\/v2\/users\/1"}],"replies":[{"embeddable":true,"href":"http:\/\/paroquiagloria.org\/v2\/index.php?rest_route=%2Fwp%2Fv2%2Fcomments&post=7955"}],"version-history":[{"count":3,"href":"http:\/\/paroquiagloria.org\/v2\/index.php?rest_route=\/wp\/v2\/posts\/7955\/revisions"}],"predecessor-version":[{"id":7960,"href":"http:\/\/paroquiagloria.org\/v2\/index.php?rest_route=\/wp\/v2\/posts\/7955\/revisions\/7960"}],"wp:featuredmedia":[{"embeddable":true,"href":"http:\/\/paroquiagloria.org\/v2\/index.php?rest_route=\/wp\/v2\/media\/7957"}],"wp:attachment":[{"href":"http:\/\/paroquiagloria.org\/v2\/index.php?rest_route=%2Fwp%2Fv2%2Fmedia&parent=7955"}],"wp:term":[{"taxonomy":"category","embeddable":true,"href":"http:\/\/paroquiagloria.org\/v2\/index.php?rest_route=%2Fwp%2Fv2%2Fcategories&post=7955"},{"taxonomy":"post_tag","embeddable":true,"href":"http:\/\/paroquiagloria.org\/v2\/index.php?rest_route=%2Fwp%2Fv2%2Ftags&post=7955"}],"curies":[{"name":"wp","href":"https:\/\/api.w.org\/{rel}","templated":true}]}}